{"id":46869,"date":"2025-09-24T22:01:02","date_gmt":"2025-09-25T01:01:02","guid":{"rendered":"http:\/\/masquenoticiastucuman.com.ar\/?p=46869"},"modified":"2025-09-24T22:01:02","modified_gmt":"2025-09-25T01:01:02","slug":"contepomi-guarda-hasta-ultimo-momento-su-decision-sobre-el-xv-de-los-pumas-sudafrica-definio-el-equipo-para-una-final-en-el-rugby-championship","status":"publish","type":"post","link":"https:\/\/masquenoticiastucuman.com.ar\/?p=46869","title":{"rendered":"Contepomi guarda hasta \u00faltimo momento su decisi\u00f3n sobre el XV de Los Pumas: Sud\u00e1frica defini\u00f3 el equipo para una &#8216;final&#8217; en el Rugby Championship"},"content":{"rendered":"<ul>\n<li>Tras el entrenamiento del mi\u00e9rcoles, el entrenador debe definir qui\u00e9n conducir\u00e1 el equipo: Albornoz o Carreras.<\/li>\n<li>Eben Etzebeth y Damian Willemse vuelven a los Springboks.<\/li>\n<\/ul>","protected":false},"excerpt":{"rendered":"<p>Tras el entrenamiento del mi\u00e9rcoles, el entrenador debe definir qui\u00e9n conducir\u00e1 el equipo: Albornoz o&#8230;<\/p>\n","protected":false},"author":1,"featured_media":0,"comment_status":"open","ping_status":"open","sticky":false,"template":"","format":"standard","meta":{"footnotes":""},"categories":[6],"tags":[],"class_list":["post-46869","post","type-post","status-publish","format-standard","hentry","category-deportes"],"_links":{"self":[{"href":"https:\/\/masquenoticiastucuman.com.ar\/index.php?rest_route=\/wp\/v2\/posts\/46869","targetHints":{"allow":["GET"]}}],"collection":[{"href":"https:\/\/masquenoticiastucuman.com.ar\/index.php?rest_route=\/wp\/v2\/posts"}],"about":[{"href":"https:\/\/masquenoticiastucuman.com.ar\/index.php?rest_route=\/wp\/v2\/types\/post"}],"author":[{"embeddable":true,"href":"https:\/\/masquenoticiastucuman.com.ar\/index.php?rest_route=\/wp\/v2\/users\/1"}],"replies":[{"embeddable":true,"href":"https:\/\/masquenoticiastucuman.com.ar\/index.php?rest_route=%2Fwp%2Fv2%2Fcomments&post=46869"}],"version-history":[{"count":0,"href":"https:\/\/masquenoticiastucuman.com.ar\/index.php?rest_route=\/wp\/v2\/posts\/46869\/revisions"}],"wp:attachment":[{"href":"https:\/\/masquenoticiastucuman.com.ar\/index.php?rest_route=%2Fwp%2Fv2%2Fmedia&parent=46869"}],"wp:term":[{"taxonomy":"category","embeddable":true,"href":"https:\/\/masquenoticiastucuman.com.ar\/index.php?rest_route=%2Fwp%2Fv2%2Fcategories&post=46869"},{"taxonomy":"post_tag","embeddable":true,"href":"https:\/\/masquenoticiastucuman.com.ar\/index.php?rest_route=%2Fwp%2Fv2%2Ftags&post=46869"}],"curies":[{"name":"wp","href":"https:\/\/api.w.org\/{rel}","templated":true}]}}