{"id":46883,"date":"2025-09-25T04:01:04","date_gmt":"2025-09-25T07:01:04","guid":{"rendered":"http:\/\/masquenoticiastucuman.com.ar\/?p=46883"},"modified":"2025-09-25T04:01:04","modified_gmt":"2025-09-25T07:01:04","slug":"hinchas-de-la-u-de-chile-otra-vez-incendio-y-choques-con-la-policia-antes-del-partido-con-alianza-lima","status":"publish","type":"post","link":"https:\/\/masquenoticiastucuman.com.ar\/?p=46883","title":{"rendered":"Hinchas de la U de Chile, otra vez: incendio y choques con la polic\u00eda antes del partido con Alianza Lima"},"content":{"rendered":"<ul>\n<li>Fueron a hacer un banderazo en la puerta del hotel donde est\u00e1 concentrado el plantel, pero todo termin\u00f3 de la peor manera.<\/li>\n<li>Adem\u00e1s, agredieron a la delegaci\u00f3n de Alianza Lima cuando lleg\u00f3 al aeropuerto.<\/li>\n<\/ul>","protected":false},"excerpt":{"rendered":"<p>Fueron a hacer un banderazo en la puerta del hotel donde est\u00e1 concentrado el plantel,&#8230;<\/p>\n","protected":false},"author":1,"featured_media":0,"comment_status":"open","ping_status":"open","sticky":false,"template":"","format":"standard","meta":{"footnotes":""},"categories":[6],"tags":[],"class_list":["post-46883","post","type-post","status-publish","format-standard","hentry","category-deportes"],"_links":{"self":[{"href":"https:\/\/masquenoticiastucuman.com.ar\/index.php?rest_route=\/wp\/v2\/posts\/46883","targetHints":{"allow":["GET"]}}],"collection":[{"href":"https:\/\/masquenoticiastucuman.com.ar\/index.php?rest_route=\/wp\/v2\/posts"}],"about":[{"href":"https:\/\/masquenoticiastucuman.com.ar\/index.php?rest_route=\/wp\/v2\/types\/post"}],"author":[{"embeddable":true,"href":"https:\/\/masquenoticiastucuman.com.ar\/index.php?rest_route=\/wp\/v2\/users\/1"}],"replies":[{"embeddable":true,"href":"https:\/\/masquenoticiastucuman.com.ar\/index.php?rest_route=%2Fwp%2Fv2%2Fcomments&post=46883"}],"version-history":[{"count":0,"href":"https:\/\/masquenoticiastucuman.com.ar\/index.php?rest_route=\/wp\/v2\/posts\/46883\/revisions"}],"wp:attachment":[{"href":"https:\/\/masquenoticiastucuman.com.ar\/index.php?rest_route=%2Fwp%2Fv2%2Fmedia&parent=46883"}],"wp:term":[{"taxonomy":"category","embeddable":true,"href":"https:\/\/masquenoticiastucuman.com.ar\/index.php?rest_route=%2Fwp%2Fv2%2Fcategories&post=46883"},{"taxonomy":"post_tag","embeddable":true,"href":"https:\/\/masquenoticiastucuman.com.ar\/index.php?rest_route=%2Fwp%2Fv2%2Ftags&post=46883"}],"curies":[{"name":"wp","href":"https:\/\/api.w.org\/{rel}","templated":true}]}}