{"id":46899,"date":"2025-09-25T07:15:42","date_gmt":"2025-09-25T10:15:42","guid":{"rendered":"https:\/\/masquenoticiastucuman.com.ar\/?p=46899"},"modified":"2025-09-25T07:15:43","modified_gmt":"2025-09-25T10:15:43","slug":"jaldo-encabezo-los-actos-y-la-procesion-en-honor-a-la-virgen-de-la-merced","status":"publish","type":"post","link":"https:\/\/masquenoticiastucuman.com.ar\/?p=46899","title":{"rendered":"Jaldo encabez\u00f3 los actos y la procesi\u00f3n en honor a la Virgen de La Merced"},"content":{"rendered":"\n<p>El Gobernador particip\u00f3 de los homenajes en plaza Belgrano y luego acompa\u00f1\u00f3 la multitudinaria procesi\u00f3n que culmin\u00f3 en plaza Independencia con la misa central.<\/p>\n\n\n\n<p id=\"isPasted\">El gobernador,&nbsp;<strong>Osvaldo Jaldo<\/strong>, particip\u00f3 hoy de los actos en homenaje al 213\u00b0 aniversario de la Batalla de Tucum\u00e1n, que tuvieron lugar en la plaza Belgrano de la capital. Posteriormente, encabez\u00f3 la procesi\u00f3n en honor a la Virgen de La Merced, patrona de la arquidi\u00f3cesis de Tucum\u00e1n, que recorri\u00f3 las calles de barrio sur hasta llegar a plaza Independencia, donde se realiz\u00f3 el tradicional oficio religioso.<\/p>\n\n\n\n<p>Jaldo estuvo acompa\u00f1ado por su esposa,&nbsp;<strong>Ana Mar\u00eda Grillo<\/strong>; el vicegobernador,<strong>&nbsp;Miguel Acevedo<\/strong>, junto a su esposa,&nbsp;<strong>Miryan Segura<\/strong>; el presidente de la Corte Suprema de Justicia,&nbsp;<strong>Daniel Leiva<\/strong>; la intendenta de San Miguel de Tucum\u00e1n,&nbsp;<strong>Rossana Chahla<\/strong>, acompa\u00f1ada por su esposo,&nbsp;<strong>Marcelo San Pedro<\/strong>; el ministro de Seguridad,&nbsp;<strong>Eugenio Ag\u00fcero Gamboa<\/strong>; el ministro de Salud,&nbsp;<strong>Luis Medina Ruiz<\/strong>; el ministro de Obras P\u00fablicas,&nbsp;<strong>Marcelo Nazur<\/strong>; el fiscal de Estado,&nbsp;<strong>Federico Nazur<\/strong>; la secretaria de Culto,&nbsp;<strong>Roxana D\u00edaz<\/strong>; el jefe de Polic\u00eda,&nbsp;<strong>Joaqu\u00edn Girvau<\/strong>; el subjefe,&nbsp;<strong>Roque Y\u00f1igo<\/strong>; el presidente del Ente Tucum\u00e1n Turismo,&nbsp;<strong>Domingo Amaya;<\/strong>&nbsp;el arzobispo&nbsp;<strong>Carlos S\u00e1nchez<\/strong>; el obispo auxiliar,<strong>&nbsp;Roberto Ferrari<\/strong>; el presidente del Instituto Belgraniano de Tucum\u00e1n,&nbsp;<strong>Luis Yanicelli<\/strong>, adem\u00e1s de autoridades del Ej\u00e9rcito y del Liceo Militar.<\/p>\n\n\n\n<figure class=\"wp-block-image size-large\"><img decoding=\"async\" src=\"https:\/\/masquenoticiastucuman.com.ar\/wp-content\/uploads\/2025\/09\/250924210516_89599-1024x682.jpg\" alt=\"\" class=\"wp-image-46900\" \/><\/figure>\n\n\n\n<p>En sus palabras, el gobernador Jaldo expres\u00f3: \u201cLos tucumanos nos sentimos orgullosos hoy de acompa\u00f1ar a la Virgen, de conmemorar un aniversario m\u00e1s de la batalla y de caminar junto a todos los peregrinos que han llegado incluso desde otras provincias. La verdad es que esto me llena de alegr\u00eda y de emoci\u00f3n. Le pedimos a nuestra patrona, la Virgen de La Merced, que siga derramando bendiciones sobre este pueblo tucumano que tanto lo necesita. Es tiempo de estar m\u00e1s unidos que nunca, por aquellos que sufren y por quienes carecen de lo indispensable para vivir dignamente. Como gobernador y como tucumano, solo tengo palabras de agradecimiento para la Iglesia, para el arzobispo Carlitos y para todos los que pusieron su granito de arena en este hermoso festejo en honor a nuestra madre y a esta Batalla de Tucum\u00e1n, que marc\u00f3 un antes y un despu\u00e9s en la historia de la Argentina\u201d.&nbsp;<\/p>\n\n\n\n<p>El arzobispo Carlos S\u00e1nchez destac\u00f3 la dimensi\u00f3n espiritual de la celebraci\u00f3n: \u201cQu\u00e9 hermosa expresi\u00f3n de fe y de cercan\u00eda de Mar\u00eda, que durante este \u00faltimo mes sali\u00f3 a recorrer parroquias, barrios, comunidades e instituciones. Ella se nos ha hecho peregrina para traernos la alegr\u00eda de Jes\u00fas, nuestra \u00fanica esperanza. Hoy caminamos con Mar\u00eda de la Merced como peregrinos de esperanza. Pero no basta con ser peregrinos: debemos ser misioneros de esperanza y llevar la luz a quienes sufren o est\u00e1n en la soledad. Que nuestra madre de la Merced nos acompa\u00f1e siempre. Que Dios los bendiga\u201d.<\/p>\n\n\n\n<p>Por su parte, el vicegobernador Miguel Acevedo remarc\u00f3:\u201cComo peregrinos, vivimos con fervor esta fiesta que es una de las m\u00e1s importantes de Tucum\u00e1n. Se la disfruta con entusiasmo, con fe y con un compromiso renovado con nuestra Virgen de La Merced y con nuestra provincia. Estoy muy feliz por lo que estamos compartiendo\u201d.<\/p>\n\n\n\n<p>La intendenta Rossana Chahla tambi\u00e9n puso de relieve el valor hist\u00f3rico y espiritual de la fecha: \u201cNuestro pueblo es profundamente creyente. La fe fue la que nos salv\u00f3 hace tantos a\u00f1os en esta batalla desigual que logramos ganar. Hoy seguimos siendo un pueblo con fe y con esperanza. El lema de este a\u00f1o, \u2018Con Mar\u00eda de la Merced, peregrinos de esperanza\u2019, expresa ese sentimiento. Desde el municipio, junto con la provincia y los voluntarios, organizamos este espacio para que la gente pueda reunirse, compartir en tranquilidad y seguridad, y vivir esta fiesta de fe\u201d.<\/p>\n\n\n\n<figure class=\"wp-block-image size-large\"><img decoding=\"async\" src=\"https:\/\/masquenoticiastucuman.com.ar\/wp-content\/uploads\/2025\/09\/250924210627_90292-1024x682.jpg\" alt=\"\" class=\"wp-image-46901\" \/><\/figure>\n\n\n\n<p>Finalmente, el legislador Javier Noguera record\u00f3 la trascendencia hist\u00f3rica de la conmemoraci\u00f3n: \u201cNo es solo una festividad religiosa, sino tambi\u00e9n la conmemoraci\u00f3n de una gesta \u00e9pica de nuestra historia. El 24 de septiembre de 1812 se produjo aqu\u00ed en Tucum\u00e1n un punto de inflexi\u00f3n en la lucha por una Argentina libre, con un fuerte sentido pol\u00edtico y religioso. Enhorabuena que hoy podamos recordarlo y celebrarlo de esta manera\u201d.<\/p>\n","protected":false},"excerpt":{"rendered":"<p>El Gobernador particip\u00f3 de los homenajes en plaza Belgrano y luego acompa\u00f1\u00f3 la multitudinaria procesi\u00f3n&#8230;<\/p>\n","protected":false},"author":2,"featured_media":0,"comment_status":"open","ping_status":"open","sticky":false,"template":"","format":"standard","meta":{"footnotes":""},"categories":[2],"tags":[],"class_list":["post-46899","post","type-post","status-publish","format-standard","hentry","category-locales"],"_links":{"self":[{"href":"https:\/\/masquenoticiastucuman.com.ar\/index.php?rest_route=\/wp\/v2\/posts\/46899","targetHints":{"allow":["GET"]}}],"collection":[{"href":"https:\/\/masquenoticiastucuman.com.ar\/index.php?rest_route=\/wp\/v2\/posts"}],"about":[{"href":"https:\/\/masquenoticiastucuman.com.ar\/index.php?rest_route=\/wp\/v2\/types\/post"}],"author":[{"embeddable":true,"href":"https:\/\/masquenoticiastucuman.com.ar\/index.php?rest_route=\/wp\/v2\/users\/2"}],"replies":[{"embeddable":true,"href":"https:\/\/masquenoticiastucuman.com.ar\/index.php?rest_route=%2Fwp%2Fv2%2Fcomments&post=46899"}],"version-history":[{"count":1,"href":"https:\/\/masquenoticiastucuman.com.ar\/index.php?rest_route=\/wp\/v2\/posts\/46899\/revisions"}],"predecessor-version":[{"id":46903,"href":"https:\/\/masquenoticiastucuman.com.ar\/index.php?rest_route=\/wp\/v2\/posts\/46899\/revisions\/46903"}],"wp:attachment":[{"href":"https:\/\/masquenoticiastucuman.com.ar\/index.php?rest_route=%2Fwp%2Fv2%2Fmedia&parent=46899"}],"wp:term":[{"taxonomy":"category","embeddable":true,"href":"https:\/\/masquenoticiastucuman.com.ar\/index.php?rest_route=%2Fwp%2Fv2%2Fcategories&post=46899"},{"taxonomy":"post_tag","embeddable":true,"href":"https:\/\/masquenoticiastucuman.com.ar\/index.php?rest_route=%2Fwp%2Fv2%2Ftags&post=46899"}],"curies":[{"name":"wp","href":"https:\/\/api.w.org\/{rel}","templated":true}]}}