{"id":46907,"date":"2025-09-25T08:01:02","date_gmt":"2025-09-25T11:01:02","guid":{"rendered":"http:\/\/masquenoticiastucuman.com.ar\/?p=46907"},"modified":"2025-09-25T08:01:02","modified_gmt":"2025-09-25T11:01:02","slug":"federico-gomez-el-tenista-argentino-que-abrio-su-corazon-y-conmovio-a-djokovic-esta-siempre-pendiente","status":"publish","type":"post","link":"https:\/\/masquenoticiastucuman.com.ar\/?p=46907","title":{"rendered":"Federico G\u00f3mez, el tenista argentino que abri\u00f3 su coraz\u00f3n y conmovi\u00f3 a Djokovic: &#8220;Est\u00e1 siempre pendiente&#8221;"},"content":{"rendered":"<ul>\n<li>A principios de marzo, en un posteo en redes sociales, revel\u00f3 que atraves\u00f3 una profunda crisis emocional.<\/li>\n<li>A seis meses de aquel d\u00eda, habl\u00f3 con Clar\u00edn sobre el proceso que afront\u00f3 y que todav\u00eda busca resolver.<\/li>\n<li>&#8220;No fue un cambio de la noche a la ma\u00f1ana&#8221;, remarc\u00f3.<\/li>\n<\/ul>","protected":false},"excerpt":{"rendered":"<p>A principios de marzo, en un posteo en redes sociales, revel\u00f3 que atraves\u00f3 una profunda&#8230;<\/p>\n","protected":false},"author":1,"featured_media":0,"comment_status":"open","ping_status":"open","sticky":false,"template":"","format":"standard","meta":{"footnotes":""},"categories":[6],"tags":[],"class_list":["post-46907","post","type-post","status-publish","format-standard","hentry","category-deportes"],"_links":{"self":[{"href":"https:\/\/masquenoticiastucuman.com.ar\/index.php?rest_route=\/wp\/v2\/posts\/46907","targetHints":{"allow":["GET"]}}],"collection":[{"href":"https:\/\/masquenoticiastucuman.com.ar\/index.php?rest_route=\/wp\/v2\/posts"}],"about":[{"href":"https:\/\/masquenoticiastucuman.com.ar\/index.php?rest_route=\/wp\/v2\/types\/post"}],"author":[{"embeddable":true,"href":"https:\/\/masquenoticiastucuman.com.ar\/index.php?rest_route=\/wp\/v2\/users\/1"}],"replies":[{"embeddable":true,"href":"https:\/\/masquenoticiastucuman.com.ar\/index.php?rest_route=%2Fwp%2Fv2%2Fcomments&post=46907"}],"version-history":[{"count":0,"href":"https:\/\/masquenoticiastucuman.com.ar\/index.php?rest_route=\/wp\/v2\/posts\/46907\/revisions"}],"wp:attachment":[{"href":"https:\/\/masquenoticiastucuman.com.ar\/index.php?rest_route=%2Fwp%2Fv2%2Fmedia&parent=46907"}],"wp:term":[{"taxonomy":"category","embeddable":true,"href":"https:\/\/masquenoticiastucuman.com.ar\/index.php?rest_route=%2Fwp%2Fv2%2Fcategories&post=46907"},{"taxonomy":"post_tag","embeddable":true,"href":"https:\/\/masquenoticiastucuman.com.ar\/index.php?rest_route=%2Fwp%2Fv2%2Ftags&post=46907"}],"curies":[{"name":"wp","href":"https:\/\/api.w.org\/{rel}","templated":true}]}}