{"id":46921,"date":"2025-09-25T10:06:33","date_gmt":"2025-09-25T13:06:33","guid":{"rendered":"https:\/\/masquenoticiastucuman.com.ar\/?p=46921"},"modified":"2025-09-25T10:06:33","modified_gmt":"2025-09-25T13:06:33","slug":"tucuman-tendra-una-jornada-de-vacunacion-contra-gripe-y-dengue-este-sabado","status":"publish","type":"post","link":"https:\/\/masquenoticiastucuman.com.ar\/?p=46921","title":{"rendered":"Tucum\u00e1n tendr\u00e1 una jornada de vacunaci\u00f3n contra gripe y dengue este s\u00e1bado"},"content":{"rendered":"\n<p>La actividad se desarrollar\u00e1 de 9 a 14 horas en la Direcci\u00f3n de Emergencias 107, ubicada en Avenida Br\u00edgido Ter\u00e1n 380, San Miguel de Tucum\u00e1n.<\/p>\n\n\n\n<p id=\"isPasted\"><strong>Este s\u00e1bado 27 de septiembre el Ministerio de Salud P\u00fablica de Tucum\u00e1n, a cargo del doctor Luis Medina Ruiz, llevar\u00e1 adelante una nueva jornada de vacunaci\u00f3n gratuita, destinada a prevenir dos enfermedades estacionales: la gripe y el dengue.<\/strong><\/p>\n\n\n\n<figure class=\"wp-block-image size-large\"><img decoding=\"async\" src=\"https:\/\/masquenoticiastucuman.com.ar\/wp-content\/uploads\/2025\/09\/250925092447_30137-1024x612.jpeg\" alt=\"\" class=\"wp-image-46922\" \/><\/figure>\n\n\n\n<p>La campa\u00f1a est\u00e1 dirigida a grupos espec\u00edficos de la poblaci\u00f3n, con el objetivo de reducir riesgos y complicaciones durante los meses de mayor circulaci\u00f3n viral. En el caso de la vacuna antigripal, podr\u00e1n acceder:<\/p>\n\n\n\n<p>Personal de salud<\/p>\n\n\n\n<p>Embarazadas y pu\u00e9rperas (hasta 10 d\u00edas postparto)<\/p>\n\n\n\n<p>Ni\u00f1os de 6 a 24 meses<\/p>\n\n\n\n<p>Personas entre 2 y 64 a\u00f1os con factores de riesgo<\/p>\n\n\n\n<p>Mayores de 65 a\u00f1os<\/p>\n\n\n\n<p>Por su parte, la vacuna contra el dengue est\u00e1 destinada a:<\/p>\n\n\n\n<p>Personal de salud, educaci\u00f3n y seguridad<\/p>\n\n\n\n<p>Personas empadronadas entre 10 y 49 a\u00f1os<\/p>\n\n\n\n<p>Las embarazadas entre las 32 y 36 semanas pueden recibir la vacuna contra el virus sincicial respiratorio, para proteger a los reci\u00e9n nacidos de sufrir una enfermedad grave.<\/p>\n\n\n\n<p>Esta iniciativa es parte de las pol\u00edticas sanitarias que impulsa el Gobierno de la Provincia, a cargo del contador Osvaldo Jaldo y efect\u00faa el Ministerio de Salud P\u00fablica, de la mano del doctor Luis Medina Ruiz, con un enfoque preventivo, accesible y territorial. Desde la cartera sanitaria se trabaja de manera continua para ampliar la cobertura de vacunaci\u00f3n y anticiparse a los desaf\u00edos epidemiol\u00f3gicos que enfrenta la poblaci\u00f3n.<\/p>\n\n\n\n<p>La acci\u00f3n tambi\u00e9n refuerza el rol del Estado en la protecci\u00f3n de los sectores m\u00e1s vulnerables y en la construcci\u00f3n de una salud p\u00fablica s\u00f3lida, proactiva y cercana. Con este tipo de jornadas, Tucum\u00e1n consolida su compromiso con la prevenci\u00f3n, evitando enfermedades que pueden tener un alto impacto si no se abordan a tiempo. La invitaci\u00f3n est\u00e1 abierta a toda la poblaci\u00f3n que cumpla con los criterios establecidos, con el fin de seguir cuidando la salud comunitaria a trav\u00e9s de herramientas efectivas, gratuitas y disponibles para todos<\/p>\n","protected":false},"excerpt":{"rendered":"<p>La actividad se desarrollar\u00e1 de 9 a 14 horas en la Direcci\u00f3n de Emergencias 107,&#8230;<\/p>\n","protected":false},"author":2,"featured_media":0,"comment_status":"open","ping_status":"open","sticky":false,"template":"","format":"standard","meta":{"footnotes":""},"categories":[2],"tags":[],"class_list":["post-46921","post","type-post","status-publish","format-standard","hentry","category-locales"],"_links":{"self":[{"href":"https:\/\/masquenoticiastucuman.com.ar\/index.php?rest_route=\/wp\/v2\/posts\/46921","targetHints":{"allow":["GET"]}}],"collection":[{"href":"https:\/\/masquenoticiastucuman.com.ar\/index.php?rest_route=\/wp\/v2\/posts"}],"about":[{"href":"https:\/\/masquenoticiastucuman.com.ar\/index.php?rest_route=\/wp\/v2\/types\/post"}],"author":[{"embeddable":true,"href":"https:\/\/masquenoticiastucuman.com.ar\/index.php?rest_route=\/wp\/v2\/users\/2"}],"replies":[{"embeddable":true,"href":"https:\/\/masquenoticiastucuman.com.ar\/index.php?rest_route=%2Fwp%2Fv2%2Fcomments&post=46921"}],"version-history":[{"count":1,"href":"https:\/\/masquenoticiastucuman.com.ar\/index.php?rest_route=\/wp\/v2\/posts\/46921\/revisions"}],"predecessor-version":[{"id":46924,"href":"https:\/\/masquenoticiastucuman.com.ar\/index.php?rest_route=\/wp\/v2\/posts\/46921\/revisions\/46924"}],"wp:attachment":[{"href":"https:\/\/masquenoticiastucuman.com.ar\/index.php?rest_route=%2Fwp%2Fv2%2Fmedia&parent=46921"}],"wp:term":[{"taxonomy":"category","embeddable":true,"href":"https:\/\/masquenoticiastucuman.com.ar\/index.php?rest_route=%2Fwp%2Fv2%2Fcategories&post=46921"},{"taxonomy":"post_tag","embeddable":true,"href":"https:\/\/masquenoticiastucuman.com.ar\/index.php?rest_route=%2Fwp%2Fv2%2Ftags&post=46921"}],"curies":[{"name":"wp","href":"https:\/\/api.w.org\/{rel}","templated":true}]}}