{"id":46925,"date":"2025-09-25T10:24:46","date_gmt":"2025-09-25T13:24:46","guid":{"rendered":"https:\/\/masquenoticiastucuman.com.ar\/?p=46925"},"modified":"2025-09-25T10:24:47","modified_gmt":"2025-09-25T13:24:47","slug":"jaldo-y-aguero-gamboa-recorrieron-la-empresa-que-fabrica-las-cabinas-de-seguridad","status":"publish","type":"post","link":"https:\/\/masquenoticiastucuman.com.ar\/?p=46925","title":{"rendered":"Jaldo y Ag\u00fcero Gamboa recorrieron la empresa que fabrica las cabinas de seguridad"},"content":{"rendered":"\n<p>El gobernador y el ministro de Seguridad visitaron la planta donde se construyen las cabinas blindadas que ser\u00e1n instaladas en puntos estrat\u00e9gicos de la provincia.<\/p>\n\n\n\n<p id=\"isPasted\">El gobernador,&nbsp;<strong>Osvaldo Jaldo,&nbsp;<\/strong>recorri\u00f3 este jueves junto al ministro de Seguridad,&nbsp;<strong>Eugenio Ag\u00fcero Gamboa<\/strong>, la empresa donde se fabrican las cabinas de seguridad que se vienen instalando en los distintos barrios de la Capital para acercar el personal policial a los ciudadanos.<\/p>\n\n\n\n<figure class=\"wp-block-image size-large\"><img decoding=\"async\" src=\"https:\/\/masquenoticiastucuman.com.ar\/wp-content\/uploads\/2025\/09\/250925101327_35900-1024x768.jpeg\" alt=\"\" class=\"wp-image-46926\" \/><\/figure>\n\n\n\n<blockquote class=\"wp-block-quote is-layout-flow wp-block-quote-is-layout-flow\">\n<p>&nbsp;\u201cHoy recorr\u00ed personalmente con el ministro de Seguridad la empresa donde se fabrican estas cabinas que tienen que ver con profundizar las medidas de seguridad, sobre todo las preventivas. Estas cabinas est\u00e1n en el marco de una planificaci\u00f3n de la pol\u00edtica del Ministerio de Seguridad con el objetivo de llegar con polic\u00edas de manera estable a los distintos barrios. Venimos colocando 130 cabinas y tenemos una proyecci\u00f3n de 160 en los pr\u00f3ximos meses. No hay dudas que vienen dando un buen resultado. Por ello hoy venimos con el equipo del Ministerio de Seguridad a recorrer la f\u00e1brica para saber c\u00f3mo se elaboran. Son cabinas que llevan materiales especiales, para la protecci\u00f3n de la gente y de los polic\u00edas que cumplen horarios rotativos durante las 24 horas. As\u00ed la Polic\u00eda va ocupando los territorios de manera estable, que antes eran ocupados por los delincuentes y narcotraficantes. &nbsp; Al mismo tiempo, siguen realiz\u00e1ndose los operativos de seguridad a trav\u00e9s de las planificaciones de las Unidades Regionales. Estamos llegando a todos los barrios perif\u00e9ricos, y en algunos lugares con estas cabinas para quedarnos permanentemente\u201d, puntualiz\u00f3 el Gobernador.&nbsp;<\/p>\n<\/blockquote>\n\n\n\n<p>\u201cEstamos gratamente sorprendidos que en Tucum\u00e1n tenemos empresas de capitales locales que fabrican este tipo de cabinas para la Polic\u00eda con una tecnolog\u00eda y materiales muy especializados. Vamos a seguir instalando estas cabinas de acuerdo a la planificaci\u00f3n del Ministerio y del mapa del delito, adem\u00e1s despu\u00e9s de escuchar a los vecinos, quienes son los que conocen las necesidades de cada barrio\u201d, enfatiz\u00f3 el titular del PE provincial.<\/p>\n\n\n\n<p>Por su parte, el ministro Ag\u00fcero Gamboa tambi\u00e9n resalt\u00f3 las caracter\u00edsticas especiales de estas cabinas. &nbsp;\u201cEn esta visita, el gobernador se ha interiorizado de c\u00f3mo se fabrican estas garitas y de los materiales que se utilizan. Adem\u00e1s de cu\u00e1l es la comunicaci\u00f3n que existe en las garitas y de los elementos que se usan para que se comuniquen entre ellas. Al supervisar estas medidas con el Gobernador podemos apreciar que el personal policial se encuentra resguardado y comunicado con el resto de la fuerza provincial. Adem\u00e1s, los tucumanos pueden acercarse a estas cabinas y apretar el bot\u00f3n antip\u00e1nico; de esta manera quedan comunicados con el resto de las garitas avisando de alguna situaci\u00f3n delictiva o alg\u00fan problema de urgencia\u201d, puntualiz\u00f3 el titular de la cartera, quien estuvo acompa\u00f1ado del asesor Ministerial, Manuel Mart\u00ednez Zuccardi, durante el recorrido.<\/p>\n\n\n\n<p>\u201cHemos podido apreciar que la fabricaci\u00f3n se realiza de forma continua conforme al plan de Seguridad que venimos implementando. Por lo tanto, seguiremos avanzando en todo el a\u00f1o con la colaci\u00f3n de nuevas garitas. De esta manera, seguiremos acercando el personal policial a los distintos barrios\u201d, finaliz\u00f3 el ministro.<\/p>\n","protected":false},"excerpt":{"rendered":"<p>El gobernador y el ministro de Seguridad visitaron la planta donde se construyen las cabinas&#8230;<\/p>\n","protected":false},"author":2,"featured_media":0,"comment_status":"open","ping_status":"open","sticky":false,"template":"","format":"standard","meta":{"footnotes":""},"categories":[2],"tags":[],"class_list":["post-46925","post","type-post","status-publish","format-standard","hentry","category-locales"],"_links":{"self":[{"href":"https:\/\/masquenoticiastucuman.com.ar\/index.php?rest_route=\/wp\/v2\/posts\/46925","targetHints":{"allow":["GET"]}}],"collection":[{"href":"https:\/\/masquenoticiastucuman.com.ar\/index.php?rest_route=\/wp\/v2\/posts"}],"about":[{"href":"https:\/\/masquenoticiastucuman.com.ar\/index.php?rest_route=\/wp\/v2\/types\/post"}],"author":[{"embeddable":true,"href":"https:\/\/masquenoticiastucuman.com.ar\/index.php?rest_route=\/wp\/v2\/users\/2"}],"replies":[{"embeddable":true,"href":"https:\/\/masquenoticiastucuman.com.ar\/index.php?rest_route=%2Fwp%2Fv2%2Fcomments&post=46925"}],"version-history":[{"count":1,"href":"https:\/\/masquenoticiastucuman.com.ar\/index.php?rest_route=\/wp\/v2\/posts\/46925\/revisions"}],"predecessor-version":[{"id":46928,"href":"https:\/\/masquenoticiastucuman.com.ar\/index.php?rest_route=\/wp\/v2\/posts\/46925\/revisions\/46928"}],"wp:attachment":[{"href":"https:\/\/masquenoticiastucuman.com.ar\/index.php?rest_route=%2Fwp%2Fv2%2Fmedia&parent=46925"}],"wp:term":[{"taxonomy":"category","embeddable":true,"href":"https:\/\/masquenoticiastucuman.com.ar\/index.php?rest_route=%2Fwp%2Fv2%2Fcategories&post=46925"},{"taxonomy":"post_tag","embeddable":true,"href":"https:\/\/masquenoticiastucuman.com.ar\/index.php?rest_route=%2Fwp%2Fv2%2Ftags&post=46925"}],"curies":[{"name":"wp","href":"https:\/\/api.w.org\/{rel}","templated":true}]}}