{"id":46943,"date":"2025-09-25T12:21:39","date_gmt":"2025-09-25T15:21:39","guid":{"rendered":"https:\/\/masquenoticiastucuman.com.ar\/?p=46943"},"modified":"2025-09-25T12:21:40","modified_gmt":"2025-09-25T15:21:40","slug":"el-gobernador-inauguro-un-nuevo-jardin-en-san-pablo-y-reafirmo-la-prioridad-educativa","status":"publish","type":"post","link":"https:\/\/masquenoticiastucuman.com.ar\/?p=46943","title":{"rendered":"El Gobernador inaugur\u00f3 un nuevo jard\u00edn en San Pablo y reafirm\u00f3 la prioridad educativa"},"content":{"rendered":"\n<p>La nueva sede del jard\u00edn beneficia a m\u00e1s de 150 ni\u00f1os y ni\u00f1as. El Primer Mandatario destac\u00f3 que ya se inauguraron m\u00e1s de 15 escuelas en su gesti\u00f3n, a pesar del contexto econ\u00f3mico.<\/p>\n\n\n\n<p id=\"isPasted\">El gobernador,&nbsp;<strong>Osvaldo Jaldo<\/strong>, encabez\u00f3 este jueves la inauguraci\u00f3n de la Escuela de Nivel Inicial Luis F. Nougu\u00e9s en San Pablo, una obra esperada por la comunidad educativa que ahora cuenta con un edificio propio, moderno y adaptado para la ense\u00f1anza de ni\u00f1os y ni\u00f1as de 4 y 5 a\u00f1os.<\/p>\n\n\n\n<figure class=\"wp-block-image size-large\"><img decoding=\"async\" src=\"https:\/\/masquenoticiastucuman.com.ar\/wp-content\/uploads\/2025\/09\/250925120802_93768-1024x682.jpeg\" alt=\"\" class=\"wp-image-46945\" \/><\/figure>\n\n\n\n<blockquote class=\"wp-block-quote is-layout-flow wp-block-quote-is-layout-flow\">\n<p>&#8220;A pesar de los problemas financieros, asignamos partidas para avanzar con escuelas. Hoy ya superamos las 15 inauguradas en un a\u00f1o y nueve meses&#8221;, afirm\u00f3. Y agreg\u00f3 que: &#8220;Hoy estamos entregando un jard\u00edn nuevo, con aulas propias, para que m\u00e1s de 150 chicos aprendan en mejores condiciones, y los docentes puedan ense\u00f1ar con dignidad&#8221;, celebr\u00f3.<\/p>\n<\/blockquote>\n\n\n\n<p>Jaldo reafirm\u00f3 que la educaci\u00f3n es el pilar de su gobierno, tanto desde el aspecto pedag\u00f3gico como en el mejoramiento de la infraestructura escolar: &#8220;Vamos a seguir inaugurando escuelas, reacondicionando otras y garantizando espacios dignos para ense\u00f1ar y aprender en toda la provincia&#8221;, concluy\u00f3.<\/p>\n\n\n\n<p><em>La escuela contempla una superficie total de 383 m\u00b2 y una inversi\u00f3n actualizada de $224.648.365,16. La obra incluye tres aulas completamente equipadas con ba\u00f1os y mesadas, una cocina con heladera, freezer, cocina y horno, ba\u00f1os adaptados, patio techado, juegos infantiles, cerca perimetral, tanque elevado, cisterna y espacios administrativos.\u00a0<\/em><\/p>\n\n\n\n<p>Acompa\u00f1aron al Primer Mandatario la ministra de Educaci\u00f3n,&nbsp;<strong>Susana Montaldo<\/strong>; el ministro de Interior,<strong>&nbsp;Dar\u00edo Monteros<\/strong>; el ministro de Gobierno y Justicia,<strong>&nbsp;Regino Amado<\/strong>; las diputadas&nbsp;<strong>Gladys Medina&nbsp;<\/strong>y<strong>&nbsp;Elia Fern\u00e1ndez;&nbsp;<\/strong>el presidente&nbsp;de la Compa\u00f1\u00eda Azucarera Los Balcanes,&nbsp;<strong>Jorge Rocchia Ferro;&nbsp;<\/strong>el comisionado comunal de San Pablo,&nbsp;<strong>Miguel Gonz\u00e1lez<\/strong>; la intendenta de Lules,&nbsp;<strong>Marta Albarrac\u00edn;&nbsp;<\/strong>el secretario general de la Agremiaci\u00f3n Tucumana de Educadores Provinciales (ATEP),&nbsp;<strong>Hugo Brito&nbsp;<\/strong><strong><\/strong>y la directora de la escuela,<strong>&nbsp;Ana Karina Mohamed.<\/strong>&nbsp;Tambi\u00e9n estuvieron presentes representantes de la empresa constructora Baronetto SRL, junto a alumnos, familias y miembros de la comunidad educativa.<\/p>\n\n\n\n<p>La Escuela de Nivel Inicial Luis F. Nougu\u00e9s cuenta con una matr\u00edcula de 153 alumnos, distribuidos en dos turnos: 74 en la ma\u00f1ana y 79 en la tarde, en salas multiedad para ni\u00f1os de 4 y 5 a\u00f1os. Adem\u00e1s, articula con la Escuela Primaria Luis F. Nougu\u00e9s, que alberga a 565 estudiantes y posee cinco secciones de primer grado. La instituci\u00f3n ofrece prestaci\u00f3n alimentaria (desayuno y merienda) bajo modalidad tercerizada.<\/p>\n\n\n\n<figure class=\"wp-block-image size-large\"><img decoding=\"async\" src=\"https:\/\/masquenoticiastucuman.com.ar\/wp-content\/uploads\/2025\/09\/250925120903_34336-1024x682.jpeg\" alt=\"\" class=\"wp-image-46946\" \/><\/figure>\n\n\n\n<p id=\"isPasted\">La ministra de Educaci\u00f3n, Susana Montaldo, dijo que \u201cesta escuela marca el inicio del camino educativo de los chicos, en un espacio pensado para que aprendan, socialicen y desarrollen su lenguaje y psicomotricidad\u201d.<\/p>\n\n\n\n<p>Destac\u00f3 la calidad de las instalaciones y el enfoque pedag\u00f3gico moderno: \u201cLas aulas cuentan con materiales did\u00e1cticos actualizados. Desde los colores hasta los t\u00edteres, todo est\u00e1 dise\u00f1ado para estimular el aprendizaje y la creatividad\u201d.<\/p>\n\n\n\n<p>Adem\u00e1s, anunci\u00f3 que el gobernador Osvaldo Jaldo proyecta la creaci\u00f3n de una escuela de nivel terciario en la zona: \u201cEs una apuesta clara a la educaci\u00f3n en todos sus niveles, y una gran noticia para San Pablo\u201d<\/p>\n\n\n\n<p>La directora Karina Mohamed dijo que \u201cestamos muy agradecidos por esta obra que llega a nuestros ni\u00f1os, a sus familias y a toda la comunidad. Es un d\u00eda de fiesta para la escuela\u201d.<\/p>\n\n\n\n<p>Tambi\u00e9n valor\u00f3 la presencia del gobernador: \u201cSu visita es muy importante. \u00c9l es un gran impulsor de la educaci\u00f3n inicial, el primer escal\u00f3n del trayecto educativo. Aqu\u00ed los chicos adquieren aprendizajes y valores que los acompa\u00f1ar\u00e1n toda la vida\u201d.<\/p>\n\n\n\n<p><\/p>\n","protected":false},"excerpt":{"rendered":"<p>La nueva sede del jard\u00edn beneficia a m\u00e1s de 150 ni\u00f1os y ni\u00f1as. El Primer&#8230;<\/p>\n","protected":false},"author":2,"featured_media":0,"comment_status":"open","ping_status":"open","sticky":false,"template":"","format":"standard","meta":{"footnotes":""},"categories":[2],"tags":[],"class_list":["post-46943","post","type-post","status-publish","format-standard","hentry","category-locales"],"_links":{"self":[{"href":"https:\/\/masquenoticiastucuman.com.ar\/index.php?rest_route=\/wp\/v2\/posts\/46943","targetHints":{"allow":["GET"]}}],"collection":[{"href":"https:\/\/masquenoticiastucuman.com.ar\/index.php?rest_route=\/wp\/v2\/posts"}],"about":[{"href":"https:\/\/masquenoticiastucuman.com.ar\/index.php?rest_route=\/wp\/v2\/types\/post"}],"author":[{"embeddable":true,"href":"https:\/\/masquenoticiastucuman.com.ar\/index.php?rest_route=\/wp\/v2\/users\/2"}],"replies":[{"embeddable":true,"href":"https:\/\/masquenoticiastucuman.com.ar\/index.php?rest_route=%2Fwp%2Fv2%2Fcomments&post=46943"}],"version-history":[{"count":1,"href":"https:\/\/masquenoticiastucuman.com.ar\/index.php?rest_route=\/wp\/v2\/posts\/46943\/revisions"}],"predecessor-version":[{"id":46947,"href":"https:\/\/masquenoticiastucuman.com.ar\/index.php?rest_route=\/wp\/v2\/posts\/46943\/revisions\/46947"}],"wp:attachment":[{"href":"https:\/\/masquenoticiastucuman.com.ar\/index.php?rest_route=%2Fwp%2Fv2%2Fmedia&parent=46943"}],"wp:term":[{"taxonomy":"category","embeddable":true,"href":"https:\/\/masquenoticiastucuman.com.ar\/index.php?rest_route=%2Fwp%2Fv2%2Fcategories&post=46943"},{"taxonomy":"post_tag","embeddable":true,"href":"https:\/\/masquenoticiastucuman.com.ar\/index.php?rest_route=%2Fwp%2Fv2%2Ftags&post=46943"}],"curies":[{"name":"wp","href":"https:\/\/api.w.org\/{rel}","templated":true}]}}