{"id":46965,"date":"2025-09-25T15:01:03","date_gmt":"2025-09-25T18:01:03","guid":{"rendered":"http:\/\/masquenoticiastucuman.com.ar\/?p=46965"},"modified":"2025-09-25T15:01:03","modified_gmt":"2025-09-25T18:01:03","slug":"mundial-2026-la-fifa-presento-las-tres-mascotas-que-representaran-a-canada-mexico-y-estados-unidos-en-la-copa-del-ano-proximo","status":"publish","type":"post","link":"https:\/\/masquenoticiastucuman.com.ar\/?p=46965","title":{"rendered":"Mundial 2026: la FIFA present\u00f3 las tres mascotas que representar\u00e1n a Canad\u00e1, M\u00e9xico y Estados Unidos en la Copa del a\u00f1o pr\u00f3ximo"},"content":{"rendered":"<ul>\n<li>&#8220;Maple, Zayu y Clutch transmiten alegr\u00eda, emoci\u00f3n y uni\u00f3n&#8221;, asegur\u00f3 Gianni Infantino.<\/li>\n<li>Los animales reflejan la identidad cultural y el esp\u00edritu deportivo de los anfitriones.<\/li>\n<li>El anuncio se hizo con un divertido video que se hizo tendencia en las redes.<\/li>\n<\/ul>","protected":false},"excerpt":{"rendered":"<p>&#8220;Maple, Zayu y Clutch transmiten alegr\u00eda, emoci\u00f3n y uni\u00f3n&#8221;, asegur\u00f3 Gianni Infantino. Los animales reflejan&#8230;<\/p>\n","protected":false},"author":1,"featured_media":0,"comment_status":"open","ping_status":"open","sticky":false,"template":"","format":"standard","meta":{"footnotes":""},"categories":[6],"tags":[],"class_list":["post-46965","post","type-post","status-publish","format-standard","hentry","category-deportes"],"_links":{"self":[{"href":"https:\/\/masquenoticiastucuman.com.ar\/index.php?rest_route=\/wp\/v2\/posts\/46965","targetHints":{"allow":["GET"]}}],"collection":[{"href":"https:\/\/masquenoticiastucuman.com.ar\/index.php?rest_route=\/wp\/v2\/posts"}],"about":[{"href":"https:\/\/masquenoticiastucuman.com.ar\/index.php?rest_route=\/wp\/v2\/types\/post"}],"author":[{"embeddable":true,"href":"https:\/\/masquenoticiastucuman.com.ar\/index.php?rest_route=\/wp\/v2\/users\/1"}],"replies":[{"embeddable":true,"href":"https:\/\/masquenoticiastucuman.com.ar\/index.php?rest_route=%2Fwp%2Fv2%2Fcomments&post=46965"}],"version-history":[{"count":0,"href":"https:\/\/masquenoticiastucuman.com.ar\/index.php?rest_route=\/wp\/v2\/posts\/46965\/revisions"}],"wp:attachment":[{"href":"https:\/\/masquenoticiastucuman.com.ar\/index.php?rest_route=%2Fwp%2Fv2%2Fmedia&parent=46965"}],"wp:term":[{"taxonomy":"category","embeddable":true,"href":"https:\/\/masquenoticiastucuman.com.ar\/index.php?rest_route=%2Fwp%2Fv2%2Fcategories&post=46965"},{"taxonomy":"post_tag","embeddable":true,"href":"https:\/\/masquenoticiastucuman.com.ar\/index.php?rest_route=%2Fwp%2Fv2%2Ftags&post=46965"}],"curies":[{"name":"wp","href":"https:\/\/api.w.org\/{rel}","templated":true}]}}