{"id":47023,"date":"2025-09-26T03:01:02","date_gmt":"2025-09-26T06:01:02","guid":{"rendered":"http:\/\/masquenoticiastucuman.com.ar\/?p=47023"},"modified":"2025-09-26T03:01:02","modified_gmt":"2025-09-26T06:01:02","slug":"sergio-busquets-anuncio-su-retiro-con-un-emotivo-video-vivi-momentos-que-jamas-olvidare","status":"publish","type":"post","link":"https:\/\/masquenoticiastucuman.com.ar\/?p=47023","title":{"rendered":"Sergio Busquets anunci\u00f3 su retiro con un emotivo video: &#8220;Viv\u00ed momentos que jam\u00e1s olvidar\u00e9&#8221;"},"content":{"rendered":"<ul>\n<li>Lionel Messi pierde a uno de sus grandes socios dentro de la cancha.<\/li>\n<li>El mediocampista espa\u00f1ol, de 37 a\u00f1os, le dir\u00e1 adi\u00f3s al f\u00fatbol al finalizar la temporada con Inter Miami.<\/li>\n<\/ul>","protected":false},"excerpt":{"rendered":"<p>Lionel Messi pierde a uno de sus grandes socios dentro de la cancha. El mediocampista&#8230;<\/p>\n","protected":false},"author":1,"featured_media":0,"comment_status":"open","ping_status":"open","sticky":false,"template":"","format":"standard","meta":{"footnotes":""},"categories":[6],"tags":[],"class_list":["post-47023","post","type-post","status-publish","format-standard","hentry","category-deportes"],"_links":{"self":[{"href":"https:\/\/masquenoticiastucuman.com.ar\/index.php?rest_route=\/wp\/v2\/posts\/47023","targetHints":{"allow":["GET"]}}],"collection":[{"href":"https:\/\/masquenoticiastucuman.com.ar\/index.php?rest_route=\/wp\/v2\/posts"}],"about":[{"href":"https:\/\/masquenoticiastucuman.com.ar\/index.php?rest_route=\/wp\/v2\/types\/post"}],"author":[{"embeddable":true,"href":"https:\/\/masquenoticiastucuman.com.ar\/index.php?rest_route=\/wp\/v2\/users\/1"}],"replies":[{"embeddable":true,"href":"https:\/\/masquenoticiastucuman.com.ar\/index.php?rest_route=%2Fwp%2Fv2%2Fcomments&post=47023"}],"version-history":[{"count":0,"href":"https:\/\/masquenoticiastucuman.com.ar\/index.php?rest_route=\/wp\/v2\/posts\/47023\/revisions"}],"wp:attachment":[{"href":"https:\/\/masquenoticiastucuman.com.ar\/index.php?rest_route=%2Fwp%2Fv2%2Fmedia&parent=47023"}],"wp:term":[{"taxonomy":"category","embeddable":true,"href":"https:\/\/masquenoticiastucuman.com.ar\/index.php?rest_route=%2Fwp%2Fv2%2Fcategories&post=47023"},{"taxonomy":"post_tag","embeddable":true,"href":"https:\/\/masquenoticiastucuman.com.ar\/index.php?rest_route=%2Fwp%2Fv2%2Ftags&post=47023"}],"curies":[{"name":"wp","href":"https:\/\/api.w.org\/{rel}","templated":true}]}}