{"id":47035,"date":"2025-09-26T07:09:54","date_gmt":"2025-09-26T10:09:54","guid":{"rendered":"https:\/\/masquenoticiastucuman.com.ar\/?p=47035"},"modified":"2025-09-26T07:09:55","modified_gmt":"2025-09-26T10:09:55","slug":"jaldo-inauguro-obras-de-infraestructura-en-la-trinidad","status":"publish","type":"post","link":"https:\/\/masquenoticiastucuman.com.ar\/?p=47035","title":{"rendered":"Jaldo inaugur\u00f3 obras de infraestructura en La Trinidad"},"content":{"rendered":"\n<p>El gobernador encabez\u00f3 la inauguraci\u00f3n de pavimento articulado, alumbrado p\u00fablico y el nuevo p\u00f3rtico de ingreso, acompa\u00f1ado por autoridades provinciales, legisladores y representantes comunales.<\/p>\n\n\n\n<p id=\"isPasted\">El gobernador,&nbsp;<strong>Osvaldo Jaldo<\/strong>, visit\u00f3 la comuna de La Trinidad, en el sur de la provincia, donde dej\u00f3 inauguradas obras de pavimento articulado, alumbrado p\u00fablico y el nuevo p\u00f3rtico de ingreso.<\/p>\n\n\n\n<p>El mandatario estuvo acompa\u00f1ado por el presidente subrogante de la Legislatura,&nbsp;<strong>Sergio Mansilla<\/strong>; el ministro del Interior,&nbsp;<strong>Dar\u00edo Monteros<\/strong>; el comisionado comunal,&nbsp;<strong>Roberto L\u00f3pez<\/strong>; el ministro de Obras P\u00fablicas,&nbsp;<strong>Marcelo Nazur;<\/strong>&nbsp;el ministro de Salud,&nbsp;<strong>Luis Medina Ruiz;<\/strong>&nbsp;la diputada&nbsp;<strong>Gladys Medina<\/strong>; la intendenta de Taf\u00ed Viejo,&nbsp;<strong>Alejandra Rodr\u00edguez<\/strong>; &nbsp;los legisladores&nbsp;<strong>Javier Noguera<\/strong>,&nbsp;<strong>Marcelo Herrera<\/strong>,&nbsp;<strong>Alejandro Figueroa<\/strong>,&nbsp;<strong>Sandra Figueroa<\/strong>; el secretario de Gobierno,<strong>&nbsp;Ra\u00fal Albarrac\u00edn<\/strong>; adem\u00e1s de concejales y comisionados comunales.<\/p>\n\n\n\n<p>&nbsp;\u201cHoy en Trinidad inauguramos alumbrado p\u00fablico, pavimento y obras de infraestructura que tienen que ver con mejorar la calidad de vida de la gente\u201d, afirm\u00f3 Jaldo. Destac\u00f3 adem\u00e1s el trabajo conjunto con el sector privado: \u201cEn Trinidad hay un ingenio que debemos cuidar entre todos, apoyar a los emprendedores y generar empleo genuino\u201d.<\/p>\n\n\n\n<figure class=\"wp-block-image size-large\"><img decoding=\"async\" src=\"https:\/\/masquenoticiastucuman.com.ar\/wp-content\/uploads\/2025\/09\/250925212538_40094-1024x682.jpeg\" alt=\"\" class=\"wp-image-47036\" \/><\/figure>\n\n\n\n<p>El gobernador se\u00f1al\u00f3 que las obras forman parte de una reparaci\u00f3n hist\u00f3rica hacia las 93 comunas de la provincia: \u201cEn cada visita nos comprometemos con la comunidad mirando a los ojos de los vecinos. No solo venimos a inaugurar, venimos a comprometernos con lo que todav\u00eda falta hacer\u201d.<\/p>\n\n\n\n<p>El ministro del Interior, Dar\u00edo Monteros, subray\u00f3 la importancia de los trabajos realizados en el departamento Chicligasta. \u201cHoy completamos la ruta 329, un tramo que beneficia a 30 mil vecinos de Concepci\u00f3n. En Trinidad dejamos inaugurado el p\u00f3rtico de ingreso y pavimento articulado que le cambia la vida a los vecinos. Tambi\u00e9n proyectamos, junto con la comuna de Medina, completar el tramo de iluminaci\u00f3n desde Trinidad hasta Concepci\u00f3n\u201d.<\/p>\n\n\n\n<p>Por su parte, el comisionado comunal, Roberto L\u00f3pez, expres\u00f3: \u201cHoy inauguramos cinco mil metros cuadrados de pavimento articulado, un kil\u00f3metro de iluminaci\u00f3n sobre la ruta 329 y un p\u00f3rtico que busca generar un mayor sentido de pertenencia de nuestros vecinos. Tenemos en ejecuci\u00f3n nueve cuadras m\u00e1s de pavimento y un kil\u00f3metro y medio adicional de iluminaci\u00f3n\u201d.<\/p>\n\n\n\n<p>La diputada Gladys Medina destac\u00f3 la continuidad de la inversi\u00f3n p\u00fablica en todo el interior: \u201cTodos los d\u00edas inauguramos obras, pero tambi\u00e9n escuchamos a los vecinos, porque queremos que la provincia siga creciendo\u201d.<\/p>\n","protected":false},"excerpt":{"rendered":"<p>El gobernador encabez\u00f3 la inauguraci\u00f3n de pavimento articulado, alumbrado p\u00fablico y el nuevo p\u00f3rtico de&#8230;<\/p>\n","protected":false},"author":2,"featured_media":0,"comment_status":"open","ping_status":"open","sticky":false,"template":"","format":"standard","meta":{"footnotes":""},"categories":[2],"tags":[],"class_list":["post-47035","post","type-post","status-publish","format-standard","hentry","category-locales"],"_links":{"self":[{"href":"https:\/\/masquenoticiastucuman.com.ar\/index.php?rest_route=\/wp\/v2\/posts\/47035","targetHints":{"allow":["GET"]}}],"collection":[{"href":"https:\/\/masquenoticiastucuman.com.ar\/index.php?rest_route=\/wp\/v2\/posts"}],"about":[{"href":"https:\/\/masquenoticiastucuman.com.ar\/index.php?rest_route=\/wp\/v2\/types\/post"}],"author":[{"embeddable":true,"href":"https:\/\/masquenoticiastucuman.com.ar\/index.php?rest_route=\/wp\/v2\/users\/2"}],"replies":[{"embeddable":true,"href":"https:\/\/masquenoticiastucuman.com.ar\/index.php?rest_route=%2Fwp%2Fv2%2Fcomments&post=47035"}],"version-history":[{"count":1,"href":"https:\/\/masquenoticiastucuman.com.ar\/index.php?rest_route=\/wp\/v2\/posts\/47035\/revisions"}],"predecessor-version":[{"id":47038,"href":"https:\/\/masquenoticiastucuman.com.ar\/index.php?rest_route=\/wp\/v2\/posts\/47035\/revisions\/47038"}],"wp:attachment":[{"href":"https:\/\/masquenoticiastucuman.com.ar\/index.php?rest_route=%2Fwp%2Fv2%2Fmedia&parent=47035"}],"wp:term":[{"taxonomy":"category","embeddable":true,"href":"https:\/\/masquenoticiastucuman.com.ar\/index.php?rest_route=%2Fwp%2Fv2%2Fcategories&post=47035"},{"taxonomy":"post_tag","embeddable":true,"href":"https:\/\/masquenoticiastucuman.com.ar\/index.php?rest_route=%2Fwp%2Fv2%2Ftags&post=47035"}],"curies":[{"name":"wp","href":"https:\/\/api.w.org\/{rel}","templated":true}]}}