{"id":47039,"date":"2025-09-26T07:15:05","date_gmt":"2025-09-26T10:15:05","guid":{"rendered":"https:\/\/masquenoticiastucuman.com.ar\/?p=47039"},"modified":"2025-09-26T07:15:06","modified_gmt":"2025-09-26T10:15:06","slug":"vuelos-de-copa-tucuman-se-convierte-en-el-eje-aerocomercial-del-noa-dijo-jaldo","status":"publish","type":"post","link":"https:\/\/masquenoticiastucuman.com.ar\/?p=47039","title":{"rendered":"Vuelos de COPA: Tucum\u00e1n se convierte en el eje aerocomercial del NOA, dijo Jaldo"},"content":{"rendered":"\n<p>Con el inicio de los vuelos internacionales de las aerol\u00edneas Copa y LATAM y la pr\u00f3xima modernizaci\u00f3n del aeropuerto, Tucum\u00e1n se consolida como un nodo estrat\u00e9gico en la conectividad a\u00e9rea del NOA con el mundo.<\/p>\n\n\n\n<p id=\"isPasted\">El gobernador,&nbsp;<strong>Osvaldo Jaldo<\/strong>, analiz\u00f3 la importancia del inicio de los vuelos entre Tucum\u00e1n y Panam\u00e1 a traves de la aerolinea Copa Airlines que comenz\u00f3 a operar desde ayer en el aeropuerto Benjam\u00edn Matienzo. Adem\u00e1s, se refiri\u00f3 a la llegada de LATAM con vuelos a Per\u00fa y el inicio de obras de remodelaci\u00f3n edilicia de la aerostaci\u00f3n internacional tucumana.<\/p>\n\n\n\n<p>En su exposici\u00f3n, Jaldo afirm\u00f3: \u201cYo lo que creo que estos son los primeros s\u00edntomas que hoy se est\u00e1 produciendo y desde el mundo est\u00e1n mirando a la provincia de Tucum\u00e1n. Y digo desde el mundo porque COPA, es la empresa de aeronavegaci\u00f3n m\u00e1s importantes a nivel mundial. COPA es una empresa paname\u00f1a, donde tiene su central en Panam\u00e1 y de Panam\u00e1 sale a 34 destinos del mundo. Y COPA puso los ojos en Tucum\u00e1n, puso los ojos en el aeropuerto Benjam\u00edn Matienzo y anoche lleg\u00f3 ya el primer vuelo\u201d.<\/p>\n\n\n\n<figure class=\"wp-block-image size-large\"><img decoding=\"async\" src=\"https:\/\/masquenoticiastucuman.com.ar\/wp-content\/uploads\/2025\/09\/250925123054_70268-1024x682.jpg\" alt=\"\" class=\"wp-image-47040\" \/><\/figure>\n\n\n\n<p>El mandatario subray\u00f3: \u201cEse vuelo que no hay duda que lo pone a Tucum\u00e1n en la vidriera mundial, no hay duda que lo pone a Tucum\u00e1n en contacto con las empresas de aeronavegaci\u00f3n m\u00e1s importantes del mundo. Y hoy los tucumanos desde Tucum\u00e1n con COPA van a viajar a Panam\u00e1 e inmediatamente van a conectar a cualquier lugar del mundo. Es decir, desde Tucum\u00e1n hacia el mundo. Eso significa el aterrizaje de COPA anoche en el aeropuerto Benjam\u00edn Matienzo\u201d.<\/p>\n\n\n\n<p>Adem\u00e1s, remarc\u00f3 la llegada de nuevas rutas: \u201cAnoche fue COPA, pero tambi\u00e9n ya llega la LATAM con la que desde Tucum\u00e1n e va a ir a Lima, Per\u00fa. Es decir que de Tucum\u00e1n tambi\u00e9n a trav\u00e9s de Lima vamos a poder salir al mundo. Y por supuesto, desde el mundo van a poder venir a trav\u00e9s de COPA y LATAM a Tucum\u00e1n para fomentar el turismo que tanta falta nos hace. Esa industria sin chimeneas que genera puestos de trabajo, que dinamiza la econom\u00eda\u201d.<\/p>\n\n\n\n<p>Jaldo se refiri\u00f3 a los factores que atrajeron a las aerol\u00edneas internacionales: \u201cAhora el interrogante habr\u00eda que hacerse por qu\u00e9 estas empresas empezaron a mirar a la provincia de Tucum\u00e1n. Tucum\u00e1n tiene seguridad jur\u00eddica, respeta la propiedad privada y hay paz social. En Tucum\u00e1n hay un gobierno que conversa con todas las instituciones, tanto privadas como del Estado a nivel municipal, provincial, nacional y tambi\u00e9n internacional. Es un gobierno que sabe y conoce de los resultados del di\u00e1logo y de las relaciones\u201d.<\/p>\n\n\n\n<p>Asimismo, sostuvo: \u201cFundamentalmente Tucum\u00e1n ha cambiado sustancialmente. Hoy garantizar la seguridad jur\u00eddica, la propiedad privada y garantizar la paz social nos pone en el ojo del mundo a Tucum\u00e1n. Concretamente estas empresas que hoy est\u00e1n llegando es porque a Tucum\u00e1n lo est\u00e1n viendo como uno de los ejes m\u00e1s importantes del noroeste argentino\u201d.<\/p>\n\n\n\n<p>Finalmente, el gobernador anunci\u00f3 obras de infraestructura: \u201cYa se abri\u00f3 la licitaci\u00f3n para que empiece la remodelaci\u00f3n a nuevo del aeropuerto Benjam\u00edn Matienzo. Ese aeropuerto internacional que va a quedar refaccionado con la \u00faltima tecnolog\u00eda. Ustedes saben que la pista del aeropuerto de Tucum\u00e1n es la pista m\u00e1s larga y con m\u00e1s tecnolog\u00eda del interior del pa\u00eds. Y nosotros necesit\u00e1bamos una refacci\u00f3n en la parte edilicia del aeropuerto. Porque ya nos qued\u00f3 chico con los vuelos de cabotaje a Buenos Aires, a C\u00f3rdoba, a Iguaz\u00fa (Misiones). Y hoy con los vuelos internacionales, no hay duda que m\u00e1s que oportuna esta licitaci\u00f3n que se ha abierto y que se est\u00e1 adjudicando en estos d\u00edas para empezar a remodelar, ampliar, refaccionar a nuevo el aeropuerto tucumano Benjam\u00edn Matienzo\u201d.<\/p>\n","protected":false},"excerpt":{"rendered":"<p>Con el inicio de los vuelos internacionales de las aerol\u00edneas Copa y LATAM y la&#8230;<\/p>\n","protected":false},"author":2,"featured_media":0,"comment_status":"open","ping_status":"open","sticky":false,"template":"","format":"standard","meta":{"footnotes":""},"categories":[2],"tags":[],"class_list":["post-47039","post","type-post","status-publish","format-standard","hentry","category-locales"],"_links":{"self":[{"href":"https:\/\/masquenoticiastucuman.com.ar\/index.php?rest_route=\/wp\/v2\/posts\/47039","targetHints":{"allow":["GET"]}}],"collection":[{"href":"https:\/\/masquenoticiastucuman.com.ar\/index.php?rest_route=\/wp\/v2\/posts"}],"about":[{"href":"https:\/\/masquenoticiastucuman.com.ar\/index.php?rest_route=\/wp\/v2\/types\/post"}],"author":[{"embeddable":true,"href":"https:\/\/masquenoticiastucuman.com.ar\/index.php?rest_route=\/wp\/v2\/users\/2"}],"replies":[{"embeddable":true,"href":"https:\/\/masquenoticiastucuman.com.ar\/index.php?rest_route=%2Fwp%2Fv2%2Fcomments&post=47039"}],"version-history":[{"count":1,"href":"https:\/\/masquenoticiastucuman.com.ar\/index.php?rest_route=\/wp\/v2\/posts\/47039\/revisions"}],"predecessor-version":[{"id":47041,"href":"https:\/\/masquenoticiastucuman.com.ar\/index.php?rest_route=\/wp\/v2\/posts\/47039\/revisions\/47041"}],"wp:attachment":[{"href":"https:\/\/masquenoticiastucuman.com.ar\/index.php?rest_route=%2Fwp%2Fv2%2Fmedia&parent=47039"}],"wp:term":[{"taxonomy":"category","embeddable":true,"href":"https:\/\/masquenoticiastucuman.com.ar\/index.php?rest_route=%2Fwp%2Fv2%2Fcategories&post=47039"},{"taxonomy":"post_tag","embeddable":true,"href":"https:\/\/masquenoticiastucuman.com.ar\/index.php?rest_route=%2Fwp%2Fv2%2Ftags&post=47039"}],"curies":[{"name":"wp","href":"https:\/\/api.w.org\/{rel}","templated":true}]}}