{"id":47042,"date":"2025-09-26T08:01:02","date_gmt":"2025-09-26T11:01:02","guid":{"rendered":"http:\/\/masquenoticiastucuman.com.ar\/?p=47042"},"modified":"2025-09-26T08:01:02","modified_gmt":"2025-09-26T11:01:02","slug":"julian-alvarez-vs-franco-mastantuono-el-duelo-argentino-que-acapara-la-atencion-del-derby-de-madrid-entre-atletico-y-real","status":"publish","type":"post","link":"https:\/\/masquenoticiastucuman.com.ar\/?p=47042","title":{"rendered":"Juli\u00e1n \u00c1lvarez vs Franco Mastantuono: el duelo argentino que acapara la atenci\u00f3n del derby de Madrid entre Atl\u00e9tico y Real"},"content":{"rendered":"<ul>\n<li>El Ara\u00f1a acaba de meter su primer triplete en el Colchonero.<\/li>\n<li>El de Azul viene de hacer su primer gol vestido de blanco.<\/li>\n<\/ul>","protected":false},"excerpt":{"rendered":"<p>El Ara\u00f1a acaba de meter su primer triplete en el Colchonero. El de Azul viene&#8230;<\/p>\n","protected":false},"author":1,"featured_media":0,"comment_status":"open","ping_status":"open","sticky":false,"template":"","format":"standard","meta":{"footnotes":""},"categories":[6],"tags":[],"class_list":["post-47042","post","type-post","status-publish","format-standard","hentry","category-deportes"],"_links":{"self":[{"href":"https:\/\/masquenoticiastucuman.com.ar\/index.php?rest_route=\/wp\/v2\/posts\/47042","targetHints":{"allow":["GET"]}}],"collection":[{"href":"https:\/\/masquenoticiastucuman.com.ar\/index.php?rest_route=\/wp\/v2\/posts"}],"about":[{"href":"https:\/\/masquenoticiastucuman.com.ar\/index.php?rest_route=\/wp\/v2\/types\/post"}],"author":[{"embeddable":true,"href":"https:\/\/masquenoticiastucuman.com.ar\/index.php?rest_route=\/wp\/v2\/users\/1"}],"replies":[{"embeddable":true,"href":"https:\/\/masquenoticiastucuman.com.ar\/index.php?rest_route=%2Fwp%2Fv2%2Fcomments&post=47042"}],"version-history":[{"count":0,"href":"https:\/\/masquenoticiastucuman.com.ar\/index.php?rest_route=\/wp\/v2\/posts\/47042\/revisions"}],"wp:attachment":[{"href":"https:\/\/masquenoticiastucuman.com.ar\/index.php?rest_route=%2Fwp%2Fv2%2Fmedia&parent=47042"}],"wp:term":[{"taxonomy":"category","embeddable":true,"href":"https:\/\/masquenoticiastucuman.com.ar\/index.php?rest_route=%2Fwp%2Fv2%2Fcategories&post=47042"},{"taxonomy":"post_tag","embeddable":true,"href":"https:\/\/masquenoticiastucuman.com.ar\/index.php?rest_route=%2Fwp%2Fv2%2Ftags&post=47042"}],"curies":[{"name":"wp","href":"https:\/\/api.w.org\/{rel}","templated":true}]}}