{"id":47049,"date":"2025-09-26T10:10:40","date_gmt":"2025-09-26T13:10:40","guid":{"rendered":"https:\/\/masquenoticiastucuman.com.ar\/?p=47049"},"modified":"2025-09-26T10:10:41","modified_gmt":"2025-09-26T13:10:41","slug":"el-instituto-de-la-vivienda-entrego-escrituras-de-viviendas-en-banda-del-rio-sali","status":"publish","type":"post","link":"https:\/\/masquenoticiastucuman.com.ar\/?p=47049","title":{"rendered":"El Instituto de la Vivienda entreg\u00f3 escrituras de viviendas en Banda del R\u00edo Sal\u00ed"},"content":{"rendered":"\n<p>Familias de San Andr\u00e9s, Alderetes y La Banda del R\u00edo Sal\u00ed recibieron las escrituras traslativas de dominio que les otorgan la propiedad definitiva de su hogar.<\/p>\n\n\n\n<p>El Ministerio de Obras, Infraestructura y Transporte P\u00fablico concret\u00f3 un acto fundamental para la seguridad jur\u00eddica de cientos de familias tucumanas con la entrega de escrituras traslativas de dominio a adjudicatarios de viviendas en distintos barrios de La Banda del R\u00edo Sal\u00ed. Este documento no s\u00f3lo formaliza la titularidad del inmueble, sino que consolida el derecho a la vivienda digna y asegura un patrimonio s\u00f3lido para el futuro de cada hogar.<\/p>\n\n\n\n<figure class=\"wp-block-image size-large\"><img decoding=\"async\" src=\"https:\/\/masquenoticiastucuman.com.ar\/wp-content\/uploads\/2025\/09\/250926090054_34719-1024x682.jpeg\" alt=\"\" class=\"wp-image-47054\" \/><\/figure>\n\n\n\n<p>La acci\u00f3n fue ejecutada por el Instituto Provincial de la Vivienda y Desarrollo Urbano (IPVyDU) e impact\u00f3 positivamente en familias residentes en los barrios: 115 Viviendas en San Andr\u00e9s, 200 Viviendas en Alderetes, 60 Viviendas en Alderetes I y 200 Viviendas en La Banda del R\u00edo Sal\u00ed. Adem\u00e1s de la entrega de los t\u00edtulos definitivos, el equipo del IPVyDU realiz\u00f3 un operativo de regularizaci\u00f3n de deudas y cancelaci\u00f3n de viviendas, acercando soluciones concretas a los vecinos para que m\u00e1s familias puedan avanzar con la escrituraci\u00f3n. Esto se logr\u00f3 gracias a una estrecha articulaci\u00f3n con el municipio local, fortaleciendo la gesti\u00f3n territorial. En total, la acci\u00f3n beneficia a m\u00e1s de 500 familias que ahora poseen la propiedad plena de su casa.<\/p>\n\n\n\n<p>El acto fue encabezado por el Interventor del IPVyDU, Arq. Hugo Cabral. Esta gesti\u00f3n se enmarca en la pol\u00edtica impulsada por el gobernador Osvaldo Jaldo de garantizar un acceso efectivo a la vivienda y dotar de certeza legal a los ciudadanos.<\/p>\n\n\n\n<p>El ministro Nazur destac\u00f3 la trascendencia de esta medida: &#8220;el derecho a la vivienda no se completa solo con la entrega de las llaves. El verdadero cierre de este proceso es la escritura, porque es el documento que les da la seguridad jur\u00eddica para el resto de sus vidas. Hoy estamos cumpliendo con un compromiso de gesti\u00f3n y estamos acercando el Estado a la gente, no solo para construir, sino para ordenar y regularizar. Queremos que cada familia tucumana tenga la certeza y la tranquilidad de que su casa es definitivamente suya, sin dudas ni demoras&#8221;.<\/p>\n\n\n\n<p>Esta entrega masiva de escrituras subraya el compromiso del Gobierno de Tucum\u00e1n con la justicia social y la planificaci\u00f3n urbana que no solo se enfoca en la construcci\u00f3n de nuevas unidades habitacionales, sino en la consolidaci\u00f3n legal del patrimonio de quienes ya accedieron a su casa propia.<\/p>\n","protected":false},"excerpt":{"rendered":"<p>Familias de San Andr\u00e9s, Alderetes y La Banda del R\u00edo Sal\u00ed recibieron las escrituras traslativas&#8230;<\/p>\n","protected":false},"author":2,"featured_media":0,"comment_status":"open","ping_status":"open","sticky":false,"template":"","format":"standard","meta":{"footnotes":""},"categories":[2],"tags":[],"class_list":["post-47049","post","type-post","status-publish","format-standard","hentry","category-locales"],"_links":{"self":[{"href":"https:\/\/masquenoticiastucuman.com.ar\/index.php?rest_route=\/wp\/v2\/posts\/47049","targetHints":{"allow":["GET"]}}],"collection":[{"href":"https:\/\/masquenoticiastucuman.com.ar\/index.php?rest_route=\/wp\/v2\/posts"}],"about":[{"href":"https:\/\/masquenoticiastucuman.com.ar\/index.php?rest_route=\/wp\/v2\/types\/post"}],"author":[{"embeddable":true,"href":"https:\/\/masquenoticiastucuman.com.ar\/index.php?rest_route=\/wp\/v2\/users\/2"}],"replies":[{"embeddable":true,"href":"https:\/\/masquenoticiastucuman.com.ar\/index.php?rest_route=%2Fwp%2Fv2%2Fcomments&post=47049"}],"version-history":[{"count":1,"href":"https:\/\/masquenoticiastucuman.com.ar\/index.php?rest_route=\/wp\/v2\/posts\/47049\/revisions"}],"predecessor-version":[{"id":47056,"href":"https:\/\/masquenoticiastucuman.com.ar\/index.php?rest_route=\/wp\/v2\/posts\/47049\/revisions\/47056"}],"wp:attachment":[{"href":"https:\/\/masquenoticiastucuman.com.ar\/index.php?rest_route=%2Fwp%2Fv2%2Fmedia&parent=47049"}],"wp:term":[{"taxonomy":"category","embeddable":true,"href":"https:\/\/masquenoticiastucuman.com.ar\/index.php?rest_route=%2Fwp%2Fv2%2Fcategories&post=47049"},{"taxonomy":"post_tag","embeddable":true,"href":"https:\/\/masquenoticiastucuman.com.ar\/index.php?rest_route=%2Fwp%2Fv2%2Ftags&post=47049"}],"curies":[{"name":"wp","href":"https:\/\/api.w.org\/{rel}","templated":true}]}}