{"id":47057,"date":"2025-09-26T10:24:50","date_gmt":"2025-09-26T13:24:50","guid":{"rendered":"https:\/\/masquenoticiastucuman.com.ar\/?p=47057"},"modified":"2025-09-26T10:24:51","modified_gmt":"2025-09-26T13:24:51","slug":"el-gobernador-toma-licencia-y-deja-al-vicegobernador-a-cargo-del-pe","status":"publish","type":"post","link":"https:\/\/masquenoticiastucuman.com.ar\/?p=47057","title":{"rendered":"El Gobernador toma licencia y deja al vicegobernador a cargo del PE"},"content":{"rendered":"\n<p id=\"isPasted\">El Mandatario explic\u00f3 que se aparta temporalmente del cargo para dedicarse a la campa\u00f1a del frente Tucum\u00e1n Primero, y garantizar transparencia en el uso de los recursos p\u00fablicos. Retomar\u00e1 sus funciones el 27 de octubre.<\/p>\n\n\n\n<p id=\"isPasted\">El gobernador<strong>, Osvaldo Jaldo<\/strong>, anunci\u00f3 que desde ma\u00f1ana tomar\u00e1 una licencia de 30 d\u00edas en el marco de la campa\u00f1a electoral, para evitar confusiones entre su rol institucional y pol\u00edtico. Durante ese per\u00edodo, el vicegobernador&nbsp;<strong>Miguel Acevedo<\/strong>&nbsp;quedar\u00e1 a cargo del Poder Ejecutivo.<\/p>\n\n\n\n<blockquote class=\"wp-block-quote is-layout-flow wp-block-quote-is-layout-flow\">\n<p>\u201cNo se puede gobernar y hacer pol\u00edtica al mismo tiempo. La Constituci\u00f3n prev\u00e9 esta posibilidad y es lo m\u00e1s transparente para todos\u201d, se\u00f1al\u00f3 Jaldo.<\/p>\n<\/blockquote>\n\n\n\n<p>El mandatario aclar\u00f3 que seguir\u00e1 acompa\u00f1ando la campa\u00f1a del frente Tucum\u00e1n Primero, pero sin utilizar recursos del Estado ni funciones p\u00fablicas.<\/p>\n\n\n\n<p>\u201cNo quiero que el ciudadano crea que el gobernador est\u00e1 haciendo campa\u00f1a desde el gobierno. Por eso, me alejo del cargo durante este mes\u201d, remarc\u00f3.<\/p>\n\n\n\n<p id=\"isPasted\">Jaldo confirm\u00f3 que retomar\u00e1 sus funciones el lunes 27 de octubre y que mantendr\u00e1 contacto permanente con Acevedo durante su licencia: \u201cVamos a seguir tomando decisiones juntos, pero con total claridad institucional\u201d.<\/p>\n","protected":false},"excerpt":{"rendered":"<p>El Mandatario explic\u00f3 que se aparta temporalmente del cargo para dedicarse a la campa\u00f1a del&#8230;<\/p>\n","protected":false},"author":2,"featured_media":0,"comment_status":"open","ping_status":"open","sticky":false,"template":"","format":"standard","meta":{"footnotes":""},"categories":[2],"tags":[],"class_list":["post-47057","post","type-post","status-publish","format-standard","hentry","category-locales"],"_links":{"self":[{"href":"https:\/\/masquenoticiastucuman.com.ar\/index.php?rest_route=\/wp\/v2\/posts\/47057","targetHints":{"allow":["GET"]}}],"collection":[{"href":"https:\/\/masquenoticiastucuman.com.ar\/index.php?rest_route=\/wp\/v2\/posts"}],"about":[{"href":"https:\/\/masquenoticiastucuman.com.ar\/index.php?rest_route=\/wp\/v2\/types\/post"}],"author":[{"embeddable":true,"href":"https:\/\/masquenoticiastucuman.com.ar\/index.php?rest_route=\/wp\/v2\/users\/2"}],"replies":[{"embeddable":true,"href":"https:\/\/masquenoticiastucuman.com.ar\/index.php?rest_route=%2Fwp%2Fv2%2Fcomments&post=47057"}],"version-history":[{"count":1,"href":"https:\/\/masquenoticiastucuman.com.ar\/index.php?rest_route=\/wp\/v2\/posts\/47057\/revisions"}],"predecessor-version":[{"id":47059,"href":"https:\/\/masquenoticiastucuman.com.ar\/index.php?rest_route=\/wp\/v2\/posts\/47057\/revisions\/47059"}],"wp:attachment":[{"href":"https:\/\/masquenoticiastucuman.com.ar\/index.php?rest_route=%2Fwp%2Fv2%2Fmedia&parent=47057"}],"wp:term":[{"taxonomy":"category","embeddable":true,"href":"https:\/\/masquenoticiastucuman.com.ar\/index.php?rest_route=%2Fwp%2Fv2%2Fcategories&post=47057"},{"taxonomy":"post_tag","embeddable":true,"href":"https:\/\/masquenoticiastucuman.com.ar\/index.php?rest_route=%2Fwp%2Fv2%2Ftags&post=47057"}],"curies":[{"name":"wp","href":"https:\/\/api.w.org\/{rel}","templated":true}]}}