{"id":47060,"date":"2025-09-26T11:01:02","date_gmt":"2025-09-26T14:01:02","guid":{"rendered":"http:\/\/masquenoticiastucuman.com.ar\/?p=47060"},"modified":"2025-09-26T11:01:02","modified_gmt":"2025-09-26T14:01:02","slug":"semana-angus-de-primavera-la-gran-campeon-hembra-fue-para-una-cabana-de-tres-arroyos","status":"publish","type":"post","link":"https:\/\/masquenoticiastucuman.com.ar\/?p=47060","title":{"rendered":"Semana Angus de Primavera: la Gran Campe\u00f3n Hembra fue para una caba\u00f1a de Tres Arroyos"},"content":{"rendered":"<ul>\n<li>La caba\u00f1a Arand\u00fa tambi\u00e9n gan\u00f3 la Gran Camp\u00e9on Ternera, con un ejemplar compartido con Salvini y Tres Mar\u00edas. <\/li>\n<li>La raza l\u00edder mostr\u00f3 un alto nivel de gen\u00e9tica. Este jueves se juraron las mejores hembras de la 46\u00aa Exposici\u00f3n Nacional Angus de Primavera y la 25\u00aa Exposici\u00f3n del Ternero.<\/li>\n<\/ul>","protected":false},"excerpt":{"rendered":"<p>La caba\u00f1a Arand\u00fa tambi\u00e9n gan\u00f3 la Gran Camp\u00e9on Ternera, con un ejemplar compartido con Salvini&#8230;<\/p>\n","protected":false},"author":1,"featured_media":0,"comment_status":"open","ping_status":"open","sticky":false,"template":"","format":"standard","meta":{"footnotes":""},"categories":[],"tags":[],"class_list":["post-47060","post","type-post","status-publish","format-standard","hentry"],"_links":{"self":[{"href":"https:\/\/masquenoticiastucuman.com.ar\/index.php?rest_route=\/wp\/v2\/posts\/47060","targetHints":{"allow":["GET"]}}],"collection":[{"href":"https:\/\/masquenoticiastucuman.com.ar\/index.php?rest_route=\/wp\/v2\/posts"}],"about":[{"href":"https:\/\/masquenoticiastucuman.com.ar\/index.php?rest_route=\/wp\/v2\/types\/post"}],"author":[{"embeddable":true,"href":"https:\/\/masquenoticiastucuman.com.ar\/index.php?rest_route=\/wp\/v2\/users\/1"}],"replies":[{"embeddable":true,"href":"https:\/\/masquenoticiastucuman.com.ar\/index.php?rest_route=%2Fwp%2Fv2%2Fcomments&post=47060"}],"version-history":[{"count":0,"href":"https:\/\/masquenoticiastucuman.com.ar\/index.php?rest_route=\/wp\/v2\/posts\/47060\/revisions"}],"wp:attachment":[{"href":"https:\/\/masquenoticiastucuman.com.ar\/index.php?rest_route=%2Fwp%2Fv2%2Fmedia&parent=47060"}],"wp:term":[{"taxonomy":"category","embeddable":true,"href":"https:\/\/masquenoticiastucuman.com.ar\/index.php?rest_route=%2Fwp%2Fv2%2Fcategories&post=47060"},{"taxonomy":"post_tag","embeddable":true,"href":"https:\/\/masquenoticiastucuman.com.ar\/index.php?rest_route=%2Fwp%2Fv2%2Ftags&post=47060"}],"curies":[{"name":"wp","href":"https:\/\/api.w.org\/{rel}","templated":true}]}}