{"id":47070,"date":"2025-09-26T12:11:35","date_gmt":"2025-09-26T15:11:35","guid":{"rendered":"https:\/\/masquenoticiastucuman.com.ar\/?p=47070"},"modified":"2025-09-26T12:11:35","modified_gmt":"2025-09-26T15:11:35","slug":"despapelizacion-el-registro-civil-ya-digitalizo-cinco-millones-de-actas","status":"publish","type":"post","link":"https:\/\/masquenoticiastucuman.com.ar\/?p=47070","title":{"rendered":"Despapelizaci\u00f3n: El Registro Civil ya digitaliz\u00f3 cinco millones de actas"},"content":{"rendered":"\n<p>El ministro de Gobierno y Justicia, Regino Amado present\u00f3 oficialmente el lanzamiento de este nuevo sistema<\/p>\n\n\n\n<p>Estar\u00e1n disponibles los documentos de nacimiento, matrimonio, uni\u00f3n convivencial y defunci\u00f3n desde el a\u00f1o 1968 hasta la fecha.<\/p>\n\n\n\n<p>El ministro de Gobierno y Justicia,<strong>&nbsp;Regino Amado<\/strong>&nbsp;encabez\u00f3 un acto este viernes donde se present\u00f3 el lanzamiento de la digitalizaci\u00f3n de partidas de&nbsp;<strong>nacimiento, acta de matrimonio, uni\u00f3n convivencial y de defunci\u00f3n.<\/strong><\/p>\n\n\n\n<figure class=\"wp-block-image size-large\"><img decoding=\"async\" src=\"https:\/\/masquenoticiastucuman.com.ar\/wp-content\/uploads\/2025\/09\/250926114513_41819-1024x682.jpeg\" alt=\"\" class=\"wp-image-47073\" \/><\/figure>\n\n\n\n<p>El evento se realiz\u00f3 en la dependencia del Registro Civil de calle Catamarca al 400 de la Capital, donde funciona el archivo y el \u00e1rea de digitalizaci\u00f3n. Acompa\u00f1aron a Amado el secretario de Gobierno y Relaciones Institucionales,&nbsp;<strong>Ra\u00fal Albarrac\u00edn<\/strong>, la titular del Registro Civil,&nbsp;<strong>Carolina Bidegorry<\/strong>, el presidente del Instituto Provincial de Acci\u00f3n Cooperativa y Mutual (Ipacym)&nbsp;<strong>Regino Racedo<\/strong>, el secretario de Acciones Pol\u00edticas, Daniel Garc\u00eda,&nbsp;<strong>Pablo Balceda<\/strong>, Director de Inform\u00e1tica del ministerio de Econom\u00eda y personal de la Secretar\u00eda de Derechos Humanos, \u00e1rea a cargo de&nbsp;<strong>Mario Racedo<\/strong>.<\/p>\n\n\n\n<p id=\"isPasted\">&nbsp;Amado sintetiz\u00f3: \u201cAhora el ciudadano no tendr\u00e1 que viajar de un lugar a otro ni perder tiempo entre oficinas. A partir del lunes, en los lugares donde ya est\u00e1n digitalizadas las actas, el tr\u00e1mite se resolver\u00e1 en l\u00ednea\u201d, dijo. Reconoci\u00f3 el \u201ctrabajo arduo\u201d del personal del Registro y agradeci\u00f3 la coordinaci\u00f3n de la directora Bidegorry, del secretario de Gobierno Albarrac\u00edn y del equipo de Econom\u00eda. Record\u00f3 que la digitalizaci\u00f3n responde a un decreto del gobernador&nbsp;<strong>Osvaldo Jaldo<\/strong>&nbsp;y forma parte de una pol\u00edtica que avanza en todas las \u00e1reas del Ejecutivo<\/p>\n\n\n\n<figure class=\"wp-block-image size-large\"><img decoding=\"async\" src=\"https:\/\/masquenoticiastucuman.com.ar\/wp-content\/uploads\/2025\/09\/250926114530_77259-1-1024x682.jpeg\" alt=\"\" class=\"wp-image-47074\" \/><\/figure>\n\n\n\n<p><strong>A\u00f1os de trabajo<\/strong><\/p>\n\n\n\n<p>Bidegorry, visiblemente satisfecha, subray\u00f3 el largo camino recorrido. \u201cHan sido muchos a\u00f1os de trabajo, pero hoy lo concretamos porque el gobernador Jaldo tuvo la decisi\u00f3n pol\u00edtica. Digitalizamos cinco millones de actas y se indexaron dieciocho millones de datos personales para garantizar que cada pedido llegue al destinatario correcto\u201d, detall\u00f3.<\/p>\n\n\n\n<p>Explic\u00f3 que el servicio, disponible en&nbsp;<a href=\"https:\/\/www.regciviltucuman.gob.ar\/\">https:\/\/www.regciviltucuman.gob.ar\/<\/a>&nbsp;permitir\u00e1 solicitar actas con un formulario en l\u00ednea, pagar con medios digitales y recibir el documento por correo electr\u00f3nico en un m\u00e1ximo de 72 horas. Cada acta llevar\u00e1 firma digital y un c\u00f3digo QR para validarla en papel o en pantalla.<\/p>\n\n\n\n<p>La directora precis\u00f3 que estar\u00e1n disponibles de inmediato las actas desde 1968 en adelante; las comprendidas entre 1950 y 1967 se digitalizar\u00e1n a demanda y las anteriores seguir\u00e1n en formato papel.<\/p>\n\n\n\n<p>Aclar\u00f3 que la versi\u00f3n digital tiene plena validez legal, incluso para tr\u00e1mites como el ingreso de menores al exterior. \u201cSi en la frontera necesit\u00e1s el acta de nacimiento, la ped\u00eds y llega. Tiene sustento legal y certificaci\u00f3n del ARSA\u201d, afirm\u00f3.<\/p>\n\n\n\n<figure class=\"wp-block-image size-large\"><img decoding=\"async\" src=\"https:\/\/masquenoticiastucuman.com.ar\/wp-content\/uploads\/2025\/09\/250926114813_73039-1-1024x682.jpeg\" alt=\"\" class=\"wp-image-47075\" \/><\/figure>\n\n\n\n<p><strong>Decisi\u00f3n pol\u00edtica<\/strong><\/p>\n\n\n\n<p>El secretario de Gobierno, Ra\u00fal Albarrac\u00edn, enmarc\u00f3 el proyecto en un programa m\u00e1s amplio. \u201cEs una decisi\u00f3n pol\u00edtica que muestra c\u00f3mo el Estado puede ser eficiente. Ahorramos tiempo y dinero a los vecinos. Modernizar el Estado es acercarlo a la gente\u201d, se\u00f1al\u00f3.<\/p>\n\n\n\n<p>El acto cerr\u00f3 con un consenso claro: la digitalizaci\u00f3n no reemplaza el servicio tradicional en papel, pero lo complementa y agiliza. Con este sistema, Tucum\u00e1n se coloca en la vanguardia de la administraci\u00f3n p\u00fablica, simplificando tr\u00e1mites que hasta ahora exig\u00edan traslados, colas y tiempo que, como dijo Albarrac\u00edn, \u201cvale oro\u201d.<\/p>\n\n\n\n<p>Por \u00faltimo, Pablo Balceda, director de Inform\u00e1tica del ministerio de Econom\u00eda, record\u00f3 que la digitalizaci\u00f3n llevaba a\u00f1os de desarrollo. \u201cImpulsamos la despapelizaci\u00f3n en varias \u00e1reas. El Registro Civil era clave. Hoy vemos los frutos de ese trabajo\u201d, coment\u00f3, y abri\u00f3 la puerta a extender la experiencia a otras dependencias que lo soliciten.<\/p>\n","protected":false},"excerpt":{"rendered":"<p>El ministro de Gobierno y Justicia, Regino Amado present\u00f3 oficialmente el lanzamiento de este nuevo&#8230;<\/p>\n","protected":false},"author":2,"featured_media":0,"comment_status":"open","ping_status":"open","sticky":false,"template":"","format":"standard","meta":{"footnotes":""},"categories":[2],"tags":[],"class_list":["post-47070","post","type-post","status-publish","format-standard","hentry","category-locales"],"_links":{"self":[{"href":"https:\/\/masquenoticiastucuman.com.ar\/index.php?rest_route=\/wp\/v2\/posts\/47070","targetHints":{"allow":["GET"]}}],"collection":[{"href":"https:\/\/masquenoticiastucuman.com.ar\/index.php?rest_route=\/wp\/v2\/posts"}],"about":[{"href":"https:\/\/masquenoticiastucuman.com.ar\/index.php?rest_route=\/wp\/v2\/types\/post"}],"author":[{"embeddable":true,"href":"https:\/\/masquenoticiastucuman.com.ar\/index.php?rest_route=\/wp\/v2\/users\/2"}],"replies":[{"embeddable":true,"href":"https:\/\/masquenoticiastucuman.com.ar\/index.php?rest_route=%2Fwp%2Fv2%2Fcomments&post=47070"}],"version-history":[{"count":1,"href":"https:\/\/masquenoticiastucuman.com.ar\/index.php?rest_route=\/wp\/v2\/posts\/47070\/revisions"}],"predecessor-version":[{"id":47077,"href":"https:\/\/masquenoticiastucuman.com.ar\/index.php?rest_route=\/wp\/v2\/posts\/47070\/revisions\/47077"}],"wp:attachment":[{"href":"https:\/\/masquenoticiastucuman.com.ar\/index.php?rest_route=%2Fwp%2Fv2%2Fmedia&parent=47070"}],"wp:term":[{"taxonomy":"category","embeddable":true,"href":"https:\/\/masquenoticiastucuman.com.ar\/index.php?rest_route=%2Fwp%2Fv2%2Fcategories&post=47070"},{"taxonomy":"post_tag","embeddable":true,"href":"https:\/\/masquenoticiastucuman.com.ar\/index.php?rest_route=%2Fwp%2Fv2%2Ftags&post=47070"}],"curies":[{"name":"wp","href":"https:\/\/api.w.org\/{rel}","templated":true}]}}