{"id":47100,"date":"2025-09-26T16:01:03","date_gmt":"2025-09-26T19:01:03","guid":{"rendered":"http:\/\/masquenoticiastucuman.com.ar\/?p=47100"},"modified":"2025-09-26T16:01:03","modified_gmt":"2025-09-26T19:01:03","slug":"tras-el-exito-en-san-pablo-la-nfl-anuncio-la-proxima-ciudad-sudamericana-que-recibira-al-futbol-americano-en-la-temporada-2026","status":"publish","type":"post","link":"https:\/\/masquenoticiastucuman.com.ar\/?p=47100","title":{"rendered":"Tras el \u00e9xito en San Pablo, la NFL anunci\u00f3 la pr\u00f3xima ciudad sudamericana que recibir\u00e1 al futbol americano en la temporada 2026"},"content":{"rendered":"<ul>\n<li>Fueron dos partidos en tierra paulista, los primeros en el sur del continente.<\/li>\n<li>Ahora extiende sus lazos al mundo en el m\u00edtico Maracan\u00e1, en R\u00edo de Janeiro<\/li>\n<li>Brasil es el pa\u00eds con m\u00e1s seguidores de ese deporte fuera de Estados Unidos.<\/li>\n<\/ul>","protected":false},"excerpt":{"rendered":"<p>Fueron dos partidos en tierra paulista, los primeros en el sur del continente. Ahora extiende&#8230;<\/p>\n","protected":false},"author":1,"featured_media":0,"comment_status":"open","ping_status":"open","sticky":false,"template":"","format":"standard","meta":{"footnotes":""},"categories":[6],"tags":[],"class_list":["post-47100","post","type-post","status-publish","format-standard","hentry","category-deportes"],"_links":{"self":[{"href":"https:\/\/masquenoticiastucuman.com.ar\/index.php?rest_route=\/wp\/v2\/posts\/47100","targetHints":{"allow":["GET"]}}],"collection":[{"href":"https:\/\/masquenoticiastucuman.com.ar\/index.php?rest_route=\/wp\/v2\/posts"}],"about":[{"href":"https:\/\/masquenoticiastucuman.com.ar\/index.php?rest_route=\/wp\/v2\/types\/post"}],"author":[{"embeddable":true,"href":"https:\/\/masquenoticiastucuman.com.ar\/index.php?rest_route=\/wp\/v2\/users\/1"}],"replies":[{"embeddable":true,"href":"https:\/\/masquenoticiastucuman.com.ar\/index.php?rest_route=%2Fwp%2Fv2%2Fcomments&post=47100"}],"version-history":[{"count":0,"href":"https:\/\/masquenoticiastucuman.com.ar\/index.php?rest_route=\/wp\/v2\/posts\/47100\/revisions"}],"wp:attachment":[{"href":"https:\/\/masquenoticiastucuman.com.ar\/index.php?rest_route=%2Fwp%2Fv2%2Fmedia&parent=47100"}],"wp:term":[{"taxonomy":"category","embeddable":true,"href":"https:\/\/masquenoticiastucuman.com.ar\/index.php?rest_route=%2Fwp%2Fv2%2Fcategories&post=47100"},{"taxonomy":"post_tag","embeddable":true,"href":"https:\/\/masquenoticiastucuman.com.ar\/index.php?rest_route=%2Fwp%2Fv2%2Ftags&post=47100"}],"curies":[{"name":"wp","href":"https:\/\/api.w.org\/{rel}","templated":true}]}}