{"id":47106,"date":"2025-09-26T17:01:04","date_gmt":"2025-09-26T20:01:04","guid":{"rendered":"http:\/\/masquenoticiastucuman.com.ar\/?p=47106"},"modified":"2025-09-26T17:01:04","modified_gmt":"2025-09-26T20:01:04","slug":"moto-gp-horarios-y-como-ver-por-tv-y-online-el-gp-de-japon","status":"publish","type":"post","link":"https:\/\/masquenoticiastucuman.com.ar\/?p=47106","title":{"rendered":"Moto GP: horarios y c\u00f3mo ver por TV y online el GP de Jap\u00f3n"},"content":{"rendered":"<ul>\n<li>La competencia regresa tras el Gran Premio de San Marino. <\/li>\n<li>La tabla de posiciones de pilotos, escuder\u00eda y toda la informaci\u00f3n para la pr\u00f3xima cita. <\/li>\n<\/ul>","protected":false},"excerpt":{"rendered":"<p>La competencia regresa tras el Gran Premio de San Marino. La tabla de posiciones de&#8230;<\/p>\n","protected":false},"author":1,"featured_media":0,"comment_status":"open","ping_status":"open","sticky":false,"template":"","format":"standard","meta":{"footnotes":""},"categories":[6],"tags":[],"class_list":["post-47106","post","type-post","status-publish","format-standard","hentry","category-deportes"],"_links":{"self":[{"href":"https:\/\/masquenoticiastucuman.com.ar\/index.php?rest_route=\/wp\/v2\/posts\/47106","targetHints":{"allow":["GET"]}}],"collection":[{"href":"https:\/\/masquenoticiastucuman.com.ar\/index.php?rest_route=\/wp\/v2\/posts"}],"about":[{"href":"https:\/\/masquenoticiastucuman.com.ar\/index.php?rest_route=\/wp\/v2\/types\/post"}],"author":[{"embeddable":true,"href":"https:\/\/masquenoticiastucuman.com.ar\/index.php?rest_route=\/wp\/v2\/users\/1"}],"replies":[{"embeddable":true,"href":"https:\/\/masquenoticiastucuman.com.ar\/index.php?rest_route=%2Fwp%2Fv2%2Fcomments&post=47106"}],"version-history":[{"count":0,"href":"https:\/\/masquenoticiastucuman.com.ar\/index.php?rest_route=\/wp\/v2\/posts\/47106\/revisions"}],"wp:attachment":[{"href":"https:\/\/masquenoticiastucuman.com.ar\/index.php?rest_route=%2Fwp%2Fv2%2Fmedia&parent=47106"}],"wp:term":[{"taxonomy":"category","embeddable":true,"href":"https:\/\/masquenoticiastucuman.com.ar\/index.php?rest_route=%2Fwp%2Fv2%2Fcategories&post=47106"},{"taxonomy":"post_tag","embeddable":true,"href":"https:\/\/masquenoticiastucuman.com.ar\/index.php?rest_route=%2Fwp%2Fv2%2Ftags&post=47106"}],"curies":[{"name":"wp","href":"https:\/\/api.w.org\/{rel}","templated":true}]}}