{"id":47118,"date":"2025-09-26T19:01:03","date_gmt":"2025-09-26T22:01:03","guid":{"rendered":"http:\/\/masquenoticiastucuman.com.ar\/?p=47118"},"modified":"2025-09-26T19:01:03","modified_gmt":"2025-09-26T22:01:03","slug":"el-cholo-simeone-encendio-el-inflador-animico-antes-del-derby-de-madrid-%c2%93veo-a-julian-contento-muy-comprometido-y-lo-vamos-a-ayudar-a-ser-mejor-todavia%c2%94","status":"publish","type":"post","link":"https:\/\/masquenoticiastucuman.com.ar\/?p=47118","title":{"rendered":"El Cholo Simeone encendi\u00f3 el inflador an\u00edmico antes del derby de Madrid: \u0093Veo a Juli\u00e1n contento, muy comprometido y lo vamos a ayudar a ser mejor todav\u00eda\u0094"},"content":{"rendered":"<ul>\n<li>El DT elogi\u00f3 largamente al goleador de la Selecci\u00f3n antes del cl\u00e1sico de este s\u00e1bado contra Real Madrid. <\/li>\n<li>As\u00ed le puso punto final a los rumores sobre cierta tirantez entre ambos y lo motivo para el duelo que se jugar\u00e1 en el Metropolitano.<\/li>\n<\/ul>","protected":false},"excerpt":{"rendered":"<p>El DT elogi\u00f3 largamente al goleador de la Selecci\u00f3n antes del cl\u00e1sico de este s\u00e1bado&#8230;<\/p>\n","protected":false},"author":1,"featured_media":0,"comment_status":"open","ping_status":"open","sticky":false,"template":"","format":"standard","meta":{"footnotes":""},"categories":[6],"tags":[],"class_list":["post-47118","post","type-post","status-publish","format-standard","hentry","category-deportes"],"_links":{"self":[{"href":"https:\/\/masquenoticiastucuman.com.ar\/index.php?rest_route=\/wp\/v2\/posts\/47118","targetHints":{"allow":["GET"]}}],"collection":[{"href":"https:\/\/masquenoticiastucuman.com.ar\/index.php?rest_route=\/wp\/v2\/posts"}],"about":[{"href":"https:\/\/masquenoticiastucuman.com.ar\/index.php?rest_route=\/wp\/v2\/types\/post"}],"author":[{"embeddable":true,"href":"https:\/\/masquenoticiastucuman.com.ar\/index.php?rest_route=\/wp\/v2\/users\/1"}],"replies":[{"embeddable":true,"href":"https:\/\/masquenoticiastucuman.com.ar\/index.php?rest_route=%2Fwp%2Fv2%2Fcomments&post=47118"}],"version-history":[{"count":0,"href":"https:\/\/masquenoticiastucuman.com.ar\/index.php?rest_route=\/wp\/v2\/posts\/47118\/revisions"}],"wp:attachment":[{"href":"https:\/\/masquenoticiastucuman.com.ar\/index.php?rest_route=%2Fwp%2Fv2%2Fmedia&parent=47118"}],"wp:term":[{"taxonomy":"category","embeddable":true,"href":"https:\/\/masquenoticiastucuman.com.ar\/index.php?rest_route=%2Fwp%2Fv2%2Fcategories&post=47118"},{"taxonomy":"post_tag","embeddable":true,"href":"https:\/\/masquenoticiastucuman.com.ar\/index.php?rest_route=%2Fwp%2Fv2%2Ftags&post=47118"}],"curies":[{"name":"wp","href":"https:\/\/api.w.org\/{rel}","templated":true}]}}