{"id":47130,"date":"2025-09-26T22:01:02","date_gmt":"2025-09-27T01:01:02","guid":{"rendered":"http:\/\/masquenoticiastucuman.com.ar\/?p=47130"},"modified":"2025-09-26T22:01:02","modified_gmt":"2025-09-27T01:01:02","slug":"semana-angus-de-primavera-el-gran-campeon-macho-fue-para-la-cabana-don-jose","status":"publish","type":"post","link":"https:\/\/masquenoticiastucuman.com.ar\/?p=47130","title":{"rendered":"Semana Angus de Primavera: el Gran Campe\u00f3n Macho fue para la caba\u00f1a Don Jos\u00e9"},"content":{"rendered":"<ul>\n<li>En la jura final de la Expo Angus de Primavera, el presidente Alfonso Bustillo resalt\u00f3 la calidad de los animales presentados y agradeci\u00f3 todo el apoyo recibido durante su gesti\u00f3n, que est\u00e1 pronta a finalizar.<\/li>\n<\/ul>","protected":false},"excerpt":{"rendered":"<p>En la jura final de la Expo Angus de Primavera, el presidente Alfonso Bustillo resalt\u00f3&#8230;<\/p>\n","protected":false},"author":1,"featured_media":0,"comment_status":"open","ping_status":"open","sticky":false,"template":"","format":"standard","meta":{"footnotes":""},"categories":[],"tags":[],"class_list":["post-47130","post","type-post","status-publish","format-standard","hentry"],"_links":{"self":[{"href":"https:\/\/masquenoticiastucuman.com.ar\/index.php?rest_route=\/wp\/v2\/posts\/47130","targetHints":{"allow":["GET"]}}],"collection":[{"href":"https:\/\/masquenoticiastucuman.com.ar\/index.php?rest_route=\/wp\/v2\/posts"}],"about":[{"href":"https:\/\/masquenoticiastucuman.com.ar\/index.php?rest_route=\/wp\/v2\/types\/post"}],"author":[{"embeddable":true,"href":"https:\/\/masquenoticiastucuman.com.ar\/index.php?rest_route=\/wp\/v2\/users\/1"}],"replies":[{"embeddable":true,"href":"https:\/\/masquenoticiastucuman.com.ar\/index.php?rest_route=%2Fwp%2Fv2%2Fcomments&post=47130"}],"version-history":[{"count":0,"href":"https:\/\/masquenoticiastucuman.com.ar\/index.php?rest_route=\/wp\/v2\/posts\/47130\/revisions"}],"wp:attachment":[{"href":"https:\/\/masquenoticiastucuman.com.ar\/index.php?rest_route=%2Fwp%2Fv2%2Fmedia&parent=47130"}],"wp:term":[{"taxonomy":"category","embeddable":true,"href":"https:\/\/masquenoticiastucuman.com.ar\/index.php?rest_route=%2Fwp%2Fv2%2Fcategories&post=47130"},{"taxonomy":"post_tag","embeddable":true,"href":"https:\/\/masquenoticiastucuman.com.ar\/index.php?rest_route=%2Fwp%2Fv2%2Ftags&post=47130"}],"curies":[{"name":"wp","href":"https:\/\/api.w.org\/{rel}","templated":true}]}}