{"id":47142,"date":"2025-09-27T08:01:02","date_gmt":"2025-09-27T11:01:02","guid":{"rendered":"http:\/\/masquenoticiastucuman.com.ar\/?p=47142"},"modified":"2025-09-27T08:01:02","modified_gmt":"2025-09-27T11:01:02","slug":"nico-paz-el-joven-maravilla-del-como-en-la-serie-a-que-real-madrid-podria-recuperar-para-que-compita-con-mastantuono","status":"publish","type":"post","link":"https:\/\/masquenoticiastucuman.com.ar\/?p=47142","title":{"rendered":"Nico Paz, el joven maravilla del Como en la Serie A que Real Madrid podr\u00eda recuperar para que compita con Mastantuono"},"content":{"rendered":"<ul>\n<li>El zurdo de 21 a\u00f1os cumple con su segunda temporada en el equipo italiano.<\/li>\n<li>Sus n\u00fameros lo ubican como una de las grandes figuras de la liga y su DT ya lo compar\u00f3 con Messi.<\/li>\n<li>El equipo espa\u00f1ol tiene una cl\u00e1usula de recompra del futbolista que ya debut\u00f3 en la Selecci\u00f3n Argentina.<\/li>\n<\/ul>","protected":false},"excerpt":{"rendered":"<p>El zurdo de 21 a\u00f1os cumple con su segunda temporada en el equipo italiano. Sus&#8230;<\/p>\n","protected":false},"author":1,"featured_media":0,"comment_status":"open","ping_status":"open","sticky":false,"template":"","format":"standard","meta":{"footnotes":""},"categories":[6],"tags":[],"class_list":["post-47142","post","type-post","status-publish","format-standard","hentry","category-deportes"],"_links":{"self":[{"href":"https:\/\/masquenoticiastucuman.com.ar\/index.php?rest_route=\/wp\/v2\/posts\/47142","targetHints":{"allow":["GET"]}}],"collection":[{"href":"https:\/\/masquenoticiastucuman.com.ar\/index.php?rest_route=\/wp\/v2\/posts"}],"about":[{"href":"https:\/\/masquenoticiastucuman.com.ar\/index.php?rest_route=\/wp\/v2\/types\/post"}],"author":[{"embeddable":true,"href":"https:\/\/masquenoticiastucuman.com.ar\/index.php?rest_route=\/wp\/v2\/users\/1"}],"replies":[{"embeddable":true,"href":"https:\/\/masquenoticiastucuman.com.ar\/index.php?rest_route=%2Fwp%2Fv2%2Fcomments&post=47142"}],"version-history":[{"count":0,"href":"https:\/\/masquenoticiastucuman.com.ar\/index.php?rest_route=\/wp\/v2\/posts\/47142\/revisions"}],"wp:attachment":[{"href":"https:\/\/masquenoticiastucuman.com.ar\/index.php?rest_route=%2Fwp%2Fv2%2Fmedia&parent=47142"}],"wp:term":[{"taxonomy":"category","embeddable":true,"href":"https:\/\/masquenoticiastucuman.com.ar\/index.php?rest_route=%2Fwp%2Fv2%2Fcategories&post=47142"},{"taxonomy":"post_tag","embeddable":true,"href":"https:\/\/masquenoticiastucuman.com.ar\/index.php?rest_route=%2Fwp%2Fv2%2Ftags&post=47142"}],"curies":[{"name":"wp","href":"https:\/\/api.w.org\/{rel}","templated":true}]}}