{"id":47154,"date":"2025-09-27T11:57:26","date_gmt":"2025-09-27T14:57:26","guid":{"rendered":"https:\/\/masquenoticiastucuman.com.ar\/?p=47154"},"modified":"2025-09-27T11:57:26","modified_gmt":"2025-09-27T14:57:26","slug":"jaldo-el-presidente-tiene-que-recuperar-la-gobernabilidad-y-sustentabilidad","status":"publish","type":"post","link":"https:\/\/masquenoticiastucuman.com.ar\/?p=47154","title":{"rendered":"Jaldo: \u00abEl presidente tiene que recuperar la gobernabilidad y sustentabilidad\u00bb"},"content":{"rendered":"\n<p>Durante la inauguraci\u00f3n del tramo urbano de la ruta 329, en Concepci\u00f3n, el titular del Ejecutivo se refiri\u00f3 a la reuni\u00f3n entre el presidente de Estados Unidos, Donald Trump y su par argentino Javier Milei.<\/p>\n\n\n\n<p id=\"isPasted\">El gobernador<strong>&nbsp;Osvaldo Jaldo<\/strong>&nbsp;analiz\u00f3 la reciente reuni\u00f3n entre el presidente argentino&nbsp;<strong>Javier Milei y Donald Trump<\/strong>&nbsp;en Estados Unidos y el pr\u00e9stamo de 4.000 millones de d\u00f3lares del Banco Mundial.<\/p>\n\n\n\n<p>\u201cLo que no podemos desconocer es que el problema que hoy tiene la Argentina es la falta de d\u00f3lares\u201d, afirm\u00f3. Record\u00f3 que, con una demanda superior a la oferta, la divisa \u201clleg\u00f3 casi a los 1.500 pesos\u201d y super\u00f3 la banda alta que hab\u00eda fijado el Gobierno. \u201cLa Argentina fabrica de todo, menos d\u00f3lares\u201d, sentenci\u00f3, para luego reconocer que el viaje a Washington era casi inevitable:&nbsp;<strong>\u201cNobleza obliga: que el pa\u00eds m\u00e1s importante del mundo mire y apoye a la Argentina ya es importante\u201d.<\/strong><\/p>\n\n\n\n<p>Pero Jaldo marc\u00f3 l\u00edmites. \u201cNos seguimos endeudando, hay que ver para qu\u00e9 se utilizan esos 4.000 mil millones (de d\u00f3lares)\u201d, advirti\u00f3. Se\u00f1al\u00f3 que el Banco Interamericano de Desarrollo (BID) financi\u00f3 hist\u00f3ricamente obras de infraestructura y podr\u00eda tambi\u00e9n asistir al funcionamiento de instituciones, \u201cpero esto no se arregla solo con m\u00e1s recursos\u201d.<\/p>\n\n\n\n<p>Ah\u00ed puso el acento en la pol\u00edtica:<strong>&nbsp;\u201cEl presidente tiene que arreglarlo con di\u00e1logo. Tiene que recuperar la gobernabilidad.<\/strong>&nbsp;Debe empezar habl\u00e1ndose con su vicepresidenta (Victoria Villarroel), con diputados y senadores, y volver a sentar a los veintitr\u00e9s gobernadores\u201d.<\/p>\n\n\n\n<blockquote class=\"wp-block-quote is-layout-flow wp-block-quote-is-layout-flow\">\n<p>Jaldo fue m\u00e1s all\u00e1: \u201cHace falta sustentabilidad, hace falta que los argentinos nos reencontremos. Las grietas nos hicieron mucho da\u00f1o, nos dividieron, nos atrasaron. El presidente tiene que entender que aun con d\u00f3lares no va a poder gobernar la Rep\u00fablica Argentina\u201d.<\/p>\n<\/blockquote>\n\n\n\n<p>El gobernador cerr\u00f3 su an\u00e1lisis reconociendo el valor de la gesti\u00f3n internacional, pero insisti\u00f3 en las preguntas de fondo: \u201cHay que aclarar el destino de esos d\u00f3lares y cu\u00e1l ser\u00e1 el di\u00e1logo institucional que el presidente mantendr\u00e1 con los dem\u00e1s poderes del Estado\u201d.<\/p>\n","protected":false},"excerpt":{"rendered":"<p>Durante la inauguraci\u00f3n del tramo urbano de la ruta 329, en Concepci\u00f3n, el titular del&#8230;<\/p>\n","protected":false},"author":2,"featured_media":0,"comment_status":"open","ping_status":"open","sticky":false,"template":"","format":"standard","meta":{"footnotes":""},"categories":[2],"tags":[],"class_list":["post-47154","post","type-post","status-publish","format-standard","hentry","category-locales"],"_links":{"self":[{"href":"https:\/\/masquenoticiastucuman.com.ar\/index.php?rest_route=\/wp\/v2\/posts\/47154","targetHints":{"allow":["GET"]}}],"collection":[{"href":"https:\/\/masquenoticiastucuman.com.ar\/index.php?rest_route=\/wp\/v2\/posts"}],"about":[{"href":"https:\/\/masquenoticiastucuman.com.ar\/index.php?rest_route=\/wp\/v2\/types\/post"}],"author":[{"embeddable":true,"href":"https:\/\/masquenoticiastucuman.com.ar\/index.php?rest_route=\/wp\/v2\/users\/2"}],"replies":[{"embeddable":true,"href":"https:\/\/masquenoticiastucuman.com.ar\/index.php?rest_route=%2Fwp%2Fv2%2Fcomments&post=47154"}],"version-history":[{"count":1,"href":"https:\/\/masquenoticiastucuman.com.ar\/index.php?rest_route=\/wp\/v2\/posts\/47154\/revisions"}],"predecessor-version":[{"id":47156,"href":"https:\/\/masquenoticiastucuman.com.ar\/index.php?rest_route=\/wp\/v2\/posts\/47154\/revisions\/47156"}],"wp:attachment":[{"href":"https:\/\/masquenoticiastucuman.com.ar\/index.php?rest_route=%2Fwp%2Fv2%2Fmedia&parent=47154"}],"wp:term":[{"taxonomy":"category","embeddable":true,"href":"https:\/\/masquenoticiastucuman.com.ar\/index.php?rest_route=%2Fwp%2Fv2%2Fcategories&post=47154"},{"taxonomy":"post_tag","embeddable":true,"href":"https:\/\/masquenoticiastucuman.com.ar\/index.php?rest_route=%2Fwp%2Fv2%2Ftags&post=47154"}],"curies":[{"name":"wp","href":"https:\/\/api.w.org\/{rel}","templated":true}]}}