{"id":47157,"date":"2025-09-27T12:01:03","date_gmt":"2025-09-27T15:01:03","guid":{"rendered":"http:\/\/masquenoticiastucuman.com.ar\/?p=47157"},"modified":"2025-09-27T12:01:03","modified_gmt":"2025-09-27T15:01:03","slug":"conmebol-confirmo-el-calendario-de-las-semifinales-cuando-jugaran-racing-por-la-copa-libertadores-y-lanus-por-la-sudamericana","status":"publish","type":"post","link":"https:\/\/masquenoticiastucuman.com.ar\/?p=47157","title":{"rendered":"Conmebol confirm\u00f3 el calendario de las semifinales: cu\u00e1ndo jugar\u00e1n Racing por la Copa Libertadores y Lan\u00fas por la Sudamericana"},"content":{"rendered":"<ul>\n<li>La Academia chocar\u00e1 con Flamengo, primero en el Maracan\u00e1 y luego en Avellaneda.<\/li>\n<li>En tanto, el Granate lo har\u00e1 frente a U de Chile: la ida en Santiago y la revancha en Argentina.<\/li>\n<\/ul>","protected":false},"excerpt":{"rendered":"<p>La Academia chocar\u00e1 con Flamengo, primero en el Maracan\u00e1 y luego en Avellaneda. En tanto,&#8230;<\/p>\n","protected":false},"author":1,"featured_media":0,"comment_status":"open","ping_status":"open","sticky":false,"template":"","format":"standard","meta":{"footnotes":""},"categories":[6],"tags":[],"class_list":["post-47157","post","type-post","status-publish","format-standard","hentry","category-deportes"],"_links":{"self":[{"href":"https:\/\/masquenoticiastucuman.com.ar\/index.php?rest_route=\/wp\/v2\/posts\/47157","targetHints":{"allow":["GET"]}}],"collection":[{"href":"https:\/\/masquenoticiastucuman.com.ar\/index.php?rest_route=\/wp\/v2\/posts"}],"about":[{"href":"https:\/\/masquenoticiastucuman.com.ar\/index.php?rest_route=\/wp\/v2\/types\/post"}],"author":[{"embeddable":true,"href":"https:\/\/masquenoticiastucuman.com.ar\/index.php?rest_route=\/wp\/v2\/users\/1"}],"replies":[{"embeddable":true,"href":"https:\/\/masquenoticiastucuman.com.ar\/index.php?rest_route=%2Fwp%2Fv2%2Fcomments&post=47157"}],"version-history":[{"count":0,"href":"https:\/\/masquenoticiastucuman.com.ar\/index.php?rest_route=\/wp\/v2\/posts\/47157\/revisions"}],"wp:attachment":[{"href":"https:\/\/masquenoticiastucuman.com.ar\/index.php?rest_route=%2Fwp%2Fv2%2Fmedia&parent=47157"}],"wp:term":[{"taxonomy":"category","embeddable":true,"href":"https:\/\/masquenoticiastucuman.com.ar\/index.php?rest_route=%2Fwp%2Fv2%2Fcategories&post=47157"},{"taxonomy":"post_tag","embeddable":true,"href":"https:\/\/masquenoticiastucuman.com.ar\/index.php?rest_route=%2Fwp%2Fv2%2Ftags&post=47157"}],"curies":[{"name":"wp","href":"https:\/\/api.w.org\/{rel}","templated":true}]}}