{"id":47163,"date":"2025-09-27T12:05:19","date_gmt":"2025-09-27T15:05:19","guid":{"rendered":"https:\/\/masquenoticiastucuman.com.ar\/?p=47163"},"modified":"2025-09-27T12:05:41","modified_gmt":"2025-09-27T15:05:41","slug":"dia-de-la-ciudad-el-lunes-29-habra-asueto-administrativo-y-no-se-dictaran-clases-en-las-escuelas-municipales-de-la-capital","status":"publish","type":"post","link":"https:\/\/masquenoticiastucuman.com.ar\/?p=47163","title":{"rendered":"D\u00eda de la Ciudad: el lunes 29 habr\u00e1 asueto administrativo y no se dictar\u00e1n clases en las escuelas municipales de la Capital"},"content":{"rendered":"\n<p>Algunos servicios de la administraci\u00f3n municipal se ver\u00e1n reducidos debido al D\u00eda de la Ciudad<\/p>\n\n\n\n<p>Ser\u00e1n normales la recolecci\u00f3n de residuos y la frecuencia de colectivos urbanos. Guardias de \u00e1reas esenciales.<\/p>\n\n\n\n<p>El lunes 29 de septiembre es el D\u00eda de la Ciudad en conmemoraci\u00f3n del 340\u00ba aniversario del traslado de San Miguel de Tucum\u00e1n desde Ibat\u00edn a su actual emplazamiento. En esa fecha tambi\u00e9n se celebra el D\u00eda de San Miguel Arc\u00e1ngel, Santo Patrono de la capital tucumana.<\/p>\n\n\n\n<p>Por este motivo, durante la jornada habr\u00e1 asueto administrativo para el personal de la Municipalidad de San Miguel de Tucum\u00e1n y los servicios en la capital se brindar\u00e1n de la siguiente manera:<\/p>\n\n\n\n<p>Escuelas municipales: no se dictar\u00e1n clases en las escuelas Gabriela Mistral y Alfonsina Storni ni en los jardines de infantes Querubines, Semillita, Ardillitas y Espiguitas.<\/p>\n\n\n\n<p>Asistencia P\u00fablica (Chacabuco 239): no habr\u00e1 atenci\u00f3n en consultorios y se atender\u00e1n emergencias en la guardia m\u00e9dica, de enfermer\u00eda, odontolog\u00eda, que funciona las 24 horas, todos los d\u00edas.<\/p>\n\n\n\n<p>\u00d3mnibus: los colectivos urbanos circular\u00e1n con su frecuencia habitual.<\/p>\n\n\n\n<p>Recolecci\u00f3n de residuos: se cumplir\u00e1 con normalidad el servicio.<\/p>\n\n\n\n<p>Cementerios Municipal: abrir\u00e1n en su horario usual los cementerios del Norte (Juan B. Justo y M\u00e9xico), del Oeste (Asunci\u00f3n 150) y Jard\u00edn (Eduardo Wilde al 300), de 8 a 12 h y 15 a 18 h.<\/p>\n\n\n\n<p>Mercado Municipal Dorrego (avenida Roca y Marina Alfaro): abrir\u00e1 sus puertas con normalidad.<\/p>\n\n\n\n<p>Direcci\u00f3n de Respuesta R\u00e1pida (San Lorenzo 1270): no habr\u00e1 atenci\u00f3n presencial, al igual que en otras oficinas administrativas de la comuna capitalina.<\/p>\n\n\n\n<p>\u00c1reas operativas: para no resentir la prestaci\u00f3n de servicios esenciales que se brindan a los vecinos, durante toda la jornada las \u00e1reas operativas del Municipio dispondr\u00e1n guardias especiales, tales como Tr\u00e1nsito, Limpieza Urbana, Espacios Verdes, Arbolado, Alumbrado P\u00fablico y Sem\u00e1foros, V\u00eda P\u00fablica, Defensa Civil, el Centro de Operaciones y Monitoreo Municipal (COMM) y la Patrulla de Protecci\u00f3n Ciudadana (PPC).<\/p>\n\n\n\n<p>Recepci\u00f3n de reclamos: se recuerda a los vecinos que a trav\u00e9s de la App Ciudad SMT pueden realizar reclamos sobre diversos temas, como calles, alumbrado, basurales, sem\u00e1foros y transporte, entre otros.<a href=\"https:\/\/www.radiobicentenario.com.ar\/banner\/clicktag\/MjJ8fHxodHRwczovL3d3dy5wYXJxdWVzYW5hZ3VzdGluLmNvbS5hci8\/dXRtX3NvdXJjZT1yZWZlcnJhbCZ1dG1fbWVkaXVtPXJhZGlvJnV0bV9jYW1wYWlnbj1iZW5lZmlj\" target=\"_blank\" rel=\"noreferrer noopener\"><\/a><\/p>\n","protected":false},"excerpt":{"rendered":"<p>Algunos servicios de la administraci\u00f3n municipal se ver\u00e1n reducidos debido al D\u00eda de la Ciudad&#8230;<\/p>\n","protected":false},"author":2,"featured_media":0,"comment_status":"open","ping_status":"open","sticky":false,"template":"","format":"standard","meta":{"footnotes":""},"categories":[2,1],"tags":[],"class_list":["post-47163","post","type-post","status-publish","format-standard","hentry","category-locales","category-uncategorized"],"_links":{"self":[{"href":"https:\/\/masquenoticiastucuman.com.ar\/index.php?rest_route=\/wp\/v2\/posts\/47163","targetHints":{"allow":["GET"]}}],"collection":[{"href":"https:\/\/masquenoticiastucuman.com.ar\/index.php?rest_route=\/wp\/v2\/posts"}],"about":[{"href":"https:\/\/masquenoticiastucuman.com.ar\/index.php?rest_route=\/wp\/v2\/types\/post"}],"author":[{"embeddable":true,"href":"https:\/\/masquenoticiastucuman.com.ar\/index.php?rest_route=\/wp\/v2\/users\/2"}],"replies":[{"embeddable":true,"href":"https:\/\/masquenoticiastucuman.com.ar\/index.php?rest_route=%2Fwp%2Fv2%2Fcomments&post=47163"}],"version-history":[{"count":1,"href":"https:\/\/masquenoticiastucuman.com.ar\/index.php?rest_route=\/wp\/v2\/posts\/47163\/revisions"}],"predecessor-version":[{"id":47165,"href":"https:\/\/masquenoticiastucuman.com.ar\/index.php?rest_route=\/wp\/v2\/posts\/47163\/revisions\/47165"}],"wp:attachment":[{"href":"https:\/\/masquenoticiastucuman.com.ar\/index.php?rest_route=%2Fwp%2Fv2%2Fmedia&parent=47163"}],"wp:term":[{"taxonomy":"category","embeddable":true,"href":"https:\/\/masquenoticiastucuman.com.ar\/index.php?rest_route=%2Fwp%2Fv2%2Fcategories&post=47163"},{"taxonomy":"post_tag","embeddable":true,"href":"https:\/\/masquenoticiastucuman.com.ar\/index.php?rest_route=%2Fwp%2Fv2%2Ftags&post=47163"}],"curies":[{"name":"wp","href":"https:\/\/api.w.org\/{rel}","templated":true}]}}