{"id":47172,"date":"2025-09-27T15:01:02","date_gmt":"2025-09-27T18:01:02","guid":{"rendered":"http:\/\/masquenoticiastucuman.com.ar\/?p=47172"},"modified":"2025-09-27T15:01:02","modified_gmt":"2025-09-27T18:01:02","slug":"nico-paz-metio-otro-lindo-gol-para-como-y-en-italia-se-multiplican-los-elogios-para-el-europibe-de-la-seleccion-argentina","status":"publish","type":"post","link":"https:\/\/masquenoticiastucuman.com.ar\/?p=47172","title":{"rendered":"Nico Paz meti\u00f3 otro lindo gol para Como y en Italia se multiplican los elogios para el europibe de la Selecci\u00f3n Argentina"},"content":{"rendered":"<ul>\n<li>Abri\u00f3 el marcador en el partido contra Cremonese, por la fecha 5 de la Serie A.<\/li>\n<li>En el equipo de Cesc F\u00e1bregas tambi\u00e9n fue titular M\u00e1ximo Perrone.<\/li>\n<li>Del otro lado jug\u00f3 de arranque el ex Banfield y Boca Mart\u00edn Payero y entr\u00f3 Franco V\u00e1zquez.<\/li>\n<\/ul>","protected":false},"excerpt":{"rendered":"<p>Abri\u00f3 el marcador en el partido contra Cremonese, por la fecha 5 de la Serie&#8230;<\/p>\n","protected":false},"author":1,"featured_media":0,"comment_status":"open","ping_status":"open","sticky":false,"template":"","format":"standard","meta":{"footnotes":""},"categories":[6],"tags":[],"class_list":["post-47172","post","type-post","status-publish","format-standard","hentry","category-deportes"],"_links":{"self":[{"href":"https:\/\/masquenoticiastucuman.com.ar\/index.php?rest_route=\/wp\/v2\/posts\/47172","targetHints":{"allow":["GET"]}}],"collection":[{"href":"https:\/\/masquenoticiastucuman.com.ar\/index.php?rest_route=\/wp\/v2\/posts"}],"about":[{"href":"https:\/\/masquenoticiastucuman.com.ar\/index.php?rest_route=\/wp\/v2\/types\/post"}],"author":[{"embeddable":true,"href":"https:\/\/masquenoticiastucuman.com.ar\/index.php?rest_route=\/wp\/v2\/users\/1"}],"replies":[{"embeddable":true,"href":"https:\/\/masquenoticiastucuman.com.ar\/index.php?rest_route=%2Fwp%2Fv2%2Fcomments&post=47172"}],"version-history":[{"count":0,"href":"https:\/\/masquenoticiastucuman.com.ar\/index.php?rest_route=\/wp\/v2\/posts\/47172\/revisions"}],"wp:attachment":[{"href":"https:\/\/masquenoticiastucuman.com.ar\/index.php?rest_route=%2Fwp%2Fv2%2Fmedia&parent=47172"}],"wp:term":[{"taxonomy":"category","embeddable":true,"href":"https:\/\/masquenoticiastucuman.com.ar\/index.php?rest_route=%2Fwp%2Fv2%2Fcategories&post=47172"},{"taxonomy":"post_tag","embeddable":true,"href":"https:\/\/masquenoticiastucuman.com.ar\/index.php?rest_route=%2Fwp%2Fv2%2Ftags&post=47172"}],"curies":[{"name":"wp","href":"https:\/\/api.w.org\/{rel}","templated":true}]}}