{"id":47184,"date":"2025-09-27T17:01:03","date_gmt":"2025-09-27T20:01:03","guid":{"rendered":"http:\/\/masquenoticiastucuman.com.ar\/?p=47184"},"modified":"2025-09-27T17:01:03","modified_gmt":"2025-09-27T20:01:03","slug":"gonzalo-garcia-esta-fuera-de-peligro-el-medioscrum-de-los-pumas-preocupo-a-todos-al-salir-en-camilla-pero-termino-en-el-vestuario-junto-al-resto","status":"publish","type":"post","link":"https:\/\/masquenoticiastucuman.com.ar\/?p=47184","title":{"rendered":"Gonzalo Garc\u00eda est\u00e1 fuera de peligro: el medioscrum de Los Pumas preocup\u00f3 a todos al salir en camilla, pero termin\u00f3 en el vestuario junto al resto"},"content":{"rendered":"<ul>\n<li>De todos modos, el jugador ser\u00e1 baja para la revancha por el protocolo de conmoci\u00f3n cerebral.<\/li>\n<li>No fue la \u00fanica lesi\u00f3n: Tom\u00e1s Albornoz termin\u00f3 con una molestia en el isquiotibial.<\/li>\n<\/ul>","protected":false},"excerpt":{"rendered":"<p>De todos modos, el jugador ser\u00e1 baja para la revancha por el protocolo de conmoci\u00f3n&#8230;<\/p>\n","protected":false},"author":1,"featured_media":0,"comment_status":"open","ping_status":"open","sticky":false,"template":"","format":"standard","meta":{"footnotes":""},"categories":[6],"tags":[],"class_list":["post-47184","post","type-post","status-publish","format-standard","hentry","category-deportes"],"_links":{"self":[{"href":"https:\/\/masquenoticiastucuman.com.ar\/index.php?rest_route=\/wp\/v2\/posts\/47184","targetHints":{"allow":["GET"]}}],"collection":[{"href":"https:\/\/masquenoticiastucuman.com.ar\/index.php?rest_route=\/wp\/v2\/posts"}],"about":[{"href":"https:\/\/masquenoticiastucuman.com.ar\/index.php?rest_route=\/wp\/v2\/types\/post"}],"author":[{"embeddable":true,"href":"https:\/\/masquenoticiastucuman.com.ar\/index.php?rest_route=\/wp\/v2\/users\/1"}],"replies":[{"embeddable":true,"href":"https:\/\/masquenoticiastucuman.com.ar\/index.php?rest_route=%2Fwp%2Fv2%2Fcomments&post=47184"}],"version-history":[{"count":0,"href":"https:\/\/masquenoticiastucuman.com.ar\/index.php?rest_route=\/wp\/v2\/posts\/47184\/revisions"}],"wp:attachment":[{"href":"https:\/\/masquenoticiastucuman.com.ar\/index.php?rest_route=%2Fwp%2Fv2%2Fmedia&parent=47184"}],"wp:term":[{"taxonomy":"category","embeddable":true,"href":"https:\/\/masquenoticiastucuman.com.ar\/index.php?rest_route=%2Fwp%2Fv2%2Fcategories&post=47184"},{"taxonomy":"post_tag","embeddable":true,"href":"https:\/\/masquenoticiastucuman.com.ar\/index.php?rest_route=%2Fwp%2Fv2%2Ftags&post=47184"}],"curies":[{"name":"wp","href":"https:\/\/api.w.org\/{rel}","templated":true}]}}