{"id":47192,"date":"2025-09-27T20:01:03","date_gmt":"2025-09-27T23:01:03","guid":{"rendered":"http:\/\/masquenoticiastucuman.com.ar\/?p=47192"},"modified":"2025-09-27T20:01:03","modified_gmt":"2025-09-27T23:01:03","slug":"el-gol-del-arquero-de-san-telmo-ante-gimnasia-de-jujuy-joaquin-enrico-saco-de-volea-y-la-clavo-de-arco-a-arco","status":"publish","type":"post","link":"https:\/\/masquenoticiastucuman.com.ar\/?p=47192","title":{"rendered":"El gol del arquero de San Telmo ante Gimnasia de Jujuy: Joaqu\u00edn Enrico sac\u00f3 de volea y la clav\u00f3 de arco a arco"},"content":{"rendered":"<ul>\n<li>Fue para el 2-0 parcial en la Isla Maciel.<\/li>\n<li>El arquero sac\u00f3 desde su \u00e1rea, aprovech\u00f3 el viento y sorprendi\u00f3 a su colega Milton \u00c1lvarez.<\/li>\n<\/ul>","protected":false},"excerpt":{"rendered":"<p>Fue para el 2-0 parcial en la Isla Maciel. El arquero sac\u00f3 desde su \u00e1rea,&#8230;<\/p>\n","protected":false},"author":1,"featured_media":0,"comment_status":"open","ping_status":"open","sticky":false,"template":"","format":"standard","meta":{"footnotes":""},"categories":[6],"tags":[],"class_list":["post-47192","post","type-post","status-publish","format-standard","hentry","category-deportes"],"_links":{"self":[{"href":"https:\/\/masquenoticiastucuman.com.ar\/index.php?rest_route=\/wp\/v2\/posts\/47192","targetHints":{"allow":["GET"]}}],"collection":[{"href":"https:\/\/masquenoticiastucuman.com.ar\/index.php?rest_route=\/wp\/v2\/posts"}],"about":[{"href":"https:\/\/masquenoticiastucuman.com.ar\/index.php?rest_route=\/wp\/v2\/types\/post"}],"author":[{"embeddable":true,"href":"https:\/\/masquenoticiastucuman.com.ar\/index.php?rest_route=\/wp\/v2\/users\/1"}],"replies":[{"embeddable":true,"href":"https:\/\/masquenoticiastucuman.com.ar\/index.php?rest_route=%2Fwp%2Fv2%2Fcomments&post=47192"}],"version-history":[{"count":0,"href":"https:\/\/masquenoticiastucuman.com.ar\/index.php?rest_route=\/wp\/v2\/posts\/47192\/revisions"}],"wp:attachment":[{"href":"https:\/\/masquenoticiastucuman.com.ar\/index.php?rest_route=%2Fwp%2Fv2%2Fmedia&parent=47192"}],"wp:term":[{"taxonomy":"category","embeddable":true,"href":"https:\/\/masquenoticiastucuman.com.ar\/index.php?rest_route=%2Fwp%2Fv2%2Fcategories&post=47192"},{"taxonomy":"post_tag","embeddable":true,"href":"https:\/\/masquenoticiastucuman.com.ar\/index.php?rest_route=%2Fwp%2Fv2%2Ftags&post=47192"}],"curies":[{"name":"wp","href":"https:\/\/api.w.org\/{rel}","templated":true}]}}