{"id":47220,"date":"2025-09-28T11:32:41","date_gmt":"2025-09-28T14:32:41","guid":{"rendered":"https:\/\/masquenoticiastucuman.com.ar\/?p=47220"},"modified":"2025-09-28T11:32:41","modified_gmt":"2025-09-28T14:32:41","slug":"investigan-la-muerte-de-un-hombre-en-pasaje-celedonio-gutierrez-al-500","status":"publish","type":"post","link":"https:\/\/masquenoticiastucuman.com.ar\/?p=47220","title":{"rendered":"Investigan la muerte de un hombre en pasaje Celedonio Guti\u00e9rrez al 500"},"content":{"rendered":"\n<p>El cuerpo de un masculino de 61 a\u00f1os fue encontrado ayer por la ma\u00f1ana al costado de las v\u00edas. No presentaba signos de violencia<\/p>\n\n\n\n<p>Interviene la Unidad Fiscal Especializada en Homicidios 1, subrogada por Carlos Sale.<\/p>\n\n\n\n<p>Cerca de las 8:00 de la ma\u00f1ana de ayer s\u00e1bado 27 de septiembre, se report\u00f3 el hallazgo de un cuerpo sin vida en el pasaje Celedonio Guti\u00e9rrez de la capital tucumana.&nbsp;<\/p>\n\n\n\n<p>Un vecino del lugar observ\u00f3 los restos tirados a la par de la v\u00eda ubicada en esa cuadra y dio aviso a la polic\u00eda.<\/p>\n\n\n\n<figure class=\"wp-block-image size-large\"><img decoding=\"async\" src=\"https:\/\/masquenoticiastucuman.com.ar\/wp-content\/uploads\/2025\/09\/foto-2-1024x480.png\" alt=\"\" class=\"wp-image-47221\" \/><\/figure>\n\n\n\n<p>Minutos despu\u00e9s, el cad\u00e1ver fue reconocido por la esposa del fallecido. Se trata de un hombre de 61 a\u00f1os que vive a pocos metros del lugar.<\/p>\n\n\n\n<p>El caso es investigado por la Unidad Fiscal Especializada en Homicidios 1, subrogada por Carlos Sale, quien se hizo presente en el lugar del hecho junto a las diferentes divisiones del Equipo Cient\u00edfico de Investigaciones Fiscales (ECIF).&nbsp;<\/p>\n\n\n\n<p>Los pesquisas trabajaron en el lugar abocados al relevamiento de muestras para ser analizadas.&nbsp;<\/p>\n\n\n\n<p>Las tareas de rigor fueron coordinandas por Silvina Ojeda, funcionar\u00eda de la fiscal\u00eda.<\/p>\n\n\n\n<p>De acuerdo a los primeros datos recabados, el hombre habr\u00eda salido durante la madrugada de su departamento, ubicado a la vuelta de donde horas &nbsp;m\u00e1s tarde ser\u00eda encontrado sin vida. No presentaba signos de violencia.<\/p>\n\n\n\n<p>Fuentes del caso informaron que el cuerpo ser\u00e1 trasladado al Cuerpo M\u00e9dico Forense d\u00f3nde en las pr\u00f3ximas horas se realizar\u00e1 la autopsia correspondiente.<\/p>\n","protected":false},"excerpt":{"rendered":"<p>El cuerpo de un masculino de 61 a\u00f1os fue encontrado ayer por la ma\u00f1ana al&#8230;<\/p>\n","protected":false},"author":2,"featured_media":0,"comment_status":"open","ping_status":"open","sticky":false,"template":"","format":"standard","meta":{"footnotes":""},"categories":[2],"tags":[],"class_list":["post-47220","post","type-post","status-publish","format-standard","hentry","category-locales"],"_links":{"self":[{"href":"https:\/\/masquenoticiastucuman.com.ar\/index.php?rest_route=\/wp\/v2\/posts\/47220","targetHints":{"allow":["GET"]}}],"collection":[{"href":"https:\/\/masquenoticiastucuman.com.ar\/index.php?rest_route=\/wp\/v2\/posts"}],"about":[{"href":"https:\/\/masquenoticiastucuman.com.ar\/index.php?rest_route=\/wp\/v2\/types\/post"}],"author":[{"embeddable":true,"href":"https:\/\/masquenoticiastucuman.com.ar\/index.php?rest_route=\/wp\/v2\/users\/2"}],"replies":[{"embeddable":true,"href":"https:\/\/masquenoticiastucuman.com.ar\/index.php?rest_route=%2Fwp%2Fv2%2Fcomments&post=47220"}],"version-history":[{"count":1,"href":"https:\/\/masquenoticiastucuman.com.ar\/index.php?rest_route=\/wp\/v2\/posts\/47220\/revisions"}],"predecessor-version":[{"id":47223,"href":"https:\/\/masquenoticiastucuman.com.ar\/index.php?rest_route=\/wp\/v2\/posts\/47220\/revisions\/47223"}],"wp:attachment":[{"href":"https:\/\/masquenoticiastucuman.com.ar\/index.php?rest_route=%2Fwp%2Fv2%2Fmedia&parent=47220"}],"wp:term":[{"taxonomy":"category","embeddable":true,"href":"https:\/\/masquenoticiastucuman.com.ar\/index.php?rest_route=%2Fwp%2Fv2%2Fcategories&post=47220"},{"taxonomy":"post_tag","embeddable":true,"href":"https:\/\/masquenoticiastucuman.com.ar\/index.php?rest_route=%2Fwp%2Fv2%2Ftags&post=47220"}],"curies":[{"name":"wp","href":"https:\/\/api.w.org\/{rel}","templated":true}]}}