{"id":47224,"date":"2025-09-28T12:01:03","date_gmt":"2025-09-28T15:01:03","guid":{"rendered":"http:\/\/masquenoticiastucuman.com.ar\/?p=47224"},"modified":"2025-09-28T12:01:03","modified_gmt":"2025-09-28T15:01:03","slug":"la-argentina-sol-cudos-perdio-el-titulo-mundial-en-su-primera-pelea-en-el-exterior-kim-clavel-gano-por-puntos-en-la-nueva-tierra-prometida-del-boxeo-femenino","status":"publish","type":"post","link":"https:\/\/masquenoticiastucuman.com.ar\/?p=47224","title":{"rendered":"La argentina Sol Cudos perdi\u00f3 el t\u00edtulo mundial en su primera pelea en el exterior: Kim Clavel gan\u00f3 por puntos en la nueva tierra prometida del boxeo femenino"},"content":{"rendered":"<ul>\n<li>La bonaerense expuso la faja de la divisi\u00f3n m\u00ednimo de la FIB, que hab\u00eda ganado en abril pasado.<\/li>\n<li>Si bien batall\u00f3 durante los diez asaltos, cay\u00f3 por fallo un\u00e1nime en Canad\u00e1.<\/li>\n<\/ul>","protected":false},"excerpt":{"rendered":"<p>La bonaerense expuso la faja de la divisi\u00f3n m\u00ednimo de la FIB, que hab\u00eda ganado&#8230;<\/p>\n","protected":false},"author":1,"featured_media":0,"comment_status":"open","ping_status":"open","sticky":false,"template":"","format":"standard","meta":{"footnotes":""},"categories":[6],"tags":[],"class_list":["post-47224","post","type-post","status-publish","format-standard","hentry","category-deportes"],"_links":{"self":[{"href":"https:\/\/masquenoticiastucuman.com.ar\/index.php?rest_route=\/wp\/v2\/posts\/47224","targetHints":{"allow":["GET"]}}],"collection":[{"href":"https:\/\/masquenoticiastucuman.com.ar\/index.php?rest_route=\/wp\/v2\/posts"}],"about":[{"href":"https:\/\/masquenoticiastucuman.com.ar\/index.php?rest_route=\/wp\/v2\/types\/post"}],"author":[{"embeddable":true,"href":"https:\/\/masquenoticiastucuman.com.ar\/index.php?rest_route=\/wp\/v2\/users\/1"}],"replies":[{"embeddable":true,"href":"https:\/\/masquenoticiastucuman.com.ar\/index.php?rest_route=%2Fwp%2Fv2%2Fcomments&post=47224"}],"version-history":[{"count":0,"href":"https:\/\/masquenoticiastucuman.com.ar\/index.php?rest_route=\/wp\/v2\/posts\/47224\/revisions"}],"wp:attachment":[{"href":"https:\/\/masquenoticiastucuman.com.ar\/index.php?rest_route=%2Fwp%2Fv2%2Fmedia&parent=47224"}],"wp:term":[{"taxonomy":"category","embeddable":true,"href":"https:\/\/masquenoticiastucuman.com.ar\/index.php?rest_route=%2Fwp%2Fv2%2Fcategories&post=47224"},{"taxonomy":"post_tag","embeddable":true,"href":"https:\/\/masquenoticiastucuman.com.ar\/index.php?rest_route=%2Fwp%2Fv2%2Ftags&post=47224"}],"curies":[{"name":"wp","href":"https:\/\/api.w.org\/{rel}","templated":true}]}}