{"id":47236,"date":"2025-09-28T16:01:03","date_gmt":"2025-09-28T19:01:03","guid":{"rendered":"http:\/\/masquenoticiastucuman.com.ar\/?p=47236"},"modified":"2025-09-28T16:01:03","modified_gmt":"2025-09-28T19:01:03","slug":"una-velada-boxistica-termino-en-una-batalla-campal-en-brasil-una-ex-estrella-de-la-ufc-quedo-inconsciente-en-el-ring","status":"publish","type":"post","link":"https:\/\/masquenoticiastucuman.com.ar\/?p=47236","title":{"rendered":"Una velada box\u00edstica termin\u00f3 en una batalla campal en Brasil: una ex estrella de la UFC qued\u00f3 inconsciente en el ring"},"content":{"rendered":"<ul>\n<li>Wanderlei Silva se enfrentaba al ex campe\u00f3n mundial de boxeo Pop\u00f3 Freitas, pero todo se desmadr\u00f3 luego de una decisi\u00f3n arbitral.<\/li>\n<li>En medio del caos arriba del ring, Silva recibi\u00f3 una trompada en la mand\u00edbula que lo dej\u00f3 inconsciente por varios segundos.<\/li>\n<\/ul>","protected":false},"excerpt":{"rendered":"<p>Wanderlei Silva se enfrentaba al ex campe\u00f3n mundial de boxeo Pop\u00f3 Freitas, pero todo se&#8230;<\/p>\n","protected":false},"author":1,"featured_media":0,"comment_status":"open","ping_status":"open","sticky":false,"template":"","format":"standard","meta":{"footnotes":""},"categories":[6],"tags":[],"class_list":["post-47236","post","type-post","status-publish","format-standard","hentry","category-deportes"],"_links":{"self":[{"href":"https:\/\/masquenoticiastucuman.com.ar\/index.php?rest_route=\/wp\/v2\/posts\/47236","targetHints":{"allow":["GET"]}}],"collection":[{"href":"https:\/\/masquenoticiastucuman.com.ar\/index.php?rest_route=\/wp\/v2\/posts"}],"about":[{"href":"https:\/\/masquenoticiastucuman.com.ar\/index.php?rest_route=\/wp\/v2\/types\/post"}],"author":[{"embeddable":true,"href":"https:\/\/masquenoticiastucuman.com.ar\/index.php?rest_route=\/wp\/v2\/users\/1"}],"replies":[{"embeddable":true,"href":"https:\/\/masquenoticiastucuman.com.ar\/index.php?rest_route=%2Fwp%2Fv2%2Fcomments&post=47236"}],"version-history":[{"count":0,"href":"https:\/\/masquenoticiastucuman.com.ar\/index.php?rest_route=\/wp\/v2\/posts\/47236\/revisions"}],"wp:attachment":[{"href":"https:\/\/masquenoticiastucuman.com.ar\/index.php?rest_route=%2Fwp%2Fv2%2Fmedia&parent=47236"}],"wp:term":[{"taxonomy":"category","embeddable":true,"href":"https:\/\/masquenoticiastucuman.com.ar\/index.php?rest_route=%2Fwp%2Fv2%2Fcategories&post=47236"},{"taxonomy":"post_tag","embeddable":true,"href":"https:\/\/masquenoticiastucuman.com.ar\/index.php?rest_route=%2Fwp%2Fv2%2Ftags&post=47236"}],"curies":[{"name":"wp","href":"https:\/\/api.w.org\/{rel}","templated":true}]}}