{"id":47278,"date":"2025-09-29T07:01:02","date_gmt":"2025-09-29T10:01:02","guid":{"rendered":"http:\/\/masquenoticiastucuman.com.ar\/?p=47278"},"modified":"2025-09-29T07:01:02","modified_gmt":"2025-09-29T10:01:02","slug":"confirman-el-lanzamiento-del-primer-iphone-plegable-pero-los-detalles-decepcionan-que-dicen-las-filtraciones","status":"publish","type":"post","link":"https:\/\/masquenoticiastucuman.com.ar\/?p=47278","title":{"rendered":"Confirman el lanzamiento del primer iPhone plegable, pero los detalles decepcionan: qu\u00e9 dicen las filtraciones"},"content":{"rendered":"<ul>\n<li>Apple prepara su ingreso al mercado de los plegables con un modelo que llegar\u00e1 en 2026 y costar\u00e1 2.000 d\u00f3lares.<\/li>\n<li>El nuevo tel\u00e9fono no traer\u00eda grandes innovaciones y ya genera dudas meses antes de su presentaci\u00f3n.<\/li>\n<\/ul>","protected":false},"excerpt":{"rendered":"<p>Apple prepara su ingreso al mercado de los plegables con un modelo que llegar\u00e1 en&#8230;<\/p>\n","protected":false},"author":1,"featured_media":0,"comment_status":"open","ping_status":"open","sticky":false,"template":"","format":"standard","meta":{"footnotes":""},"categories":[8],"tags":[],"class_list":["post-47278","post","type-post","status-publish","format-standard","hentry","category-tecnologia"],"_links":{"self":[{"href":"https:\/\/masquenoticiastucuman.com.ar\/index.php?rest_route=\/wp\/v2\/posts\/47278","targetHints":{"allow":["GET"]}}],"collection":[{"href":"https:\/\/masquenoticiastucuman.com.ar\/index.php?rest_route=\/wp\/v2\/posts"}],"about":[{"href":"https:\/\/masquenoticiastucuman.com.ar\/index.php?rest_route=\/wp\/v2\/types\/post"}],"author":[{"embeddable":true,"href":"https:\/\/masquenoticiastucuman.com.ar\/index.php?rest_route=\/wp\/v2\/users\/1"}],"replies":[{"embeddable":true,"href":"https:\/\/masquenoticiastucuman.com.ar\/index.php?rest_route=%2Fwp%2Fv2%2Fcomments&post=47278"}],"version-history":[{"count":0,"href":"https:\/\/masquenoticiastucuman.com.ar\/index.php?rest_route=\/wp\/v2\/posts\/47278\/revisions"}],"wp:attachment":[{"href":"https:\/\/masquenoticiastucuman.com.ar\/index.php?rest_route=%2Fwp%2Fv2%2Fmedia&parent=47278"}],"wp:term":[{"taxonomy":"category","embeddable":true,"href":"https:\/\/masquenoticiastucuman.com.ar\/index.php?rest_route=%2Fwp%2Fv2%2Fcategories&post=47278"},{"taxonomy":"post_tag","embeddable":true,"href":"https:\/\/masquenoticiastucuman.com.ar\/index.php?rest_route=%2Fwp%2Fv2%2Ftags&post=47278"}],"curies":[{"name":"wp","href":"https:\/\/api.w.org\/{rel}","templated":true}]}}