{"id":47280,"date":"2025-09-29T07:56:45","date_gmt":"2025-09-29T10:56:45","guid":{"rendered":"https:\/\/masquenoticiastucuman.com.ar\/?p=47280"},"modified":"2025-09-29T07:56:46","modified_gmt":"2025-09-29T10:56:46","slug":"golpe-al-narcomenudeo-en-alberdi","status":"publish","type":"post","link":"https:\/\/masquenoticiastucuman.com.ar\/?p=47280","title":{"rendered":"Golpe al narcomenudeo en Alberdi"},"content":{"rendered":"\n<p>Se registraron cuatro medidas judiciales. Secuestro de droga<\/p>\n\n\n\n<p>Cuatro medidas judiciales se registraron en la ciudad de Alberdi luego de una investigaci\u00f3n por comercializaci\u00f3n de estupefacientes: en los cuatro domicilios aprehendieron a personas y secuestraron sustancias prohibidas destinadas a la venta al menudeo.<\/p>\n\n\n\n<p>A ra\u00edz de denuncias por venta de drogas, un equipo de la Direcci\u00f3n Drogas Peligrosas Alberdi, llev\u00f3 adelante una investigaci\u00f3n que permiti\u00f3 reunir pruebas que indicaban que en los domicilios allanados funcionaban kioscos de venta de drogas. Con las evidencias del caso, solicitaron medidas judiciales que se concretaron este s\u00e1bado.<\/p>\n\n\n\n<p>Todas ellas se llevaron adelante de forma simult\u00e1nea en el barrio Central de esa ciudad. En el primer domicilio aprehendieron a un hombre de 41 a\u00f1os y secuestraron 114 bochitas de coca\u00edna, un celular, recortes para fraccionar la droga, balanzas y tijeras.<\/p>\n\n\n\n<p>En otra vivienda, result\u00f3 detenida una mujer de 33 a\u00f1os: all\u00ed incautaron 55 bochitas de coca\u00edna, cuatro celulares, dos balanzas de precisi\u00f3n y dinero en efectivo.<\/p>\n\n\n\n<p>En tanto otro hombre, de 25 a\u00f1os, fue aprehendido en su casa donde hallaron 20 bochitas de coca\u00edna, 64 bagullos de marihuana, dos balanzas de precisi\u00f3n, cinco celulares y m\u00e1s de $350.000.<\/p>\n\n\n\n<p>Finalmente, en el cuarto domicilio, una mujer de 56 a\u00f1os qued\u00f3 involucrada en la causa ya que all\u00ed secuestraron m\u00e1s de 30 bochitas de coca\u00edna, recortes para su fraccionamiento, balanzas, dos armas de fuego, $400.000 y cinco celulares.<\/p>\n\n\n\n<p>Todas estas personas quedaron afectadas a la causa Infracci\u00f3n a la Ley 23.737 de Estupefaciente adherida a ella la Ley provincial 9188 de narcomenudeo. En tanto los secuestros quedaron a disposici\u00f3n del \u00f3rgano judicial competente.<\/p>\n","protected":false},"excerpt":{"rendered":"<p>Se registraron cuatro medidas judiciales. Secuestro de droga Cuatro medidas judiciales se registraron en la&#8230;<\/p>\n","protected":false},"author":2,"featured_media":0,"comment_status":"open","ping_status":"open","sticky":false,"template":"","format":"standard","meta":{"footnotes":""},"categories":[2],"tags":[],"class_list":["post-47280","post","type-post","status-publish","format-standard","hentry","category-locales"],"_links":{"self":[{"href":"https:\/\/masquenoticiastucuman.com.ar\/index.php?rest_route=\/wp\/v2\/posts\/47280","targetHints":{"allow":["GET"]}}],"collection":[{"href":"https:\/\/masquenoticiastucuman.com.ar\/index.php?rest_route=\/wp\/v2\/posts"}],"about":[{"href":"https:\/\/masquenoticiastucuman.com.ar\/index.php?rest_route=\/wp\/v2\/types\/post"}],"author":[{"embeddable":true,"href":"https:\/\/masquenoticiastucuman.com.ar\/index.php?rest_route=\/wp\/v2\/users\/2"}],"replies":[{"embeddable":true,"href":"https:\/\/masquenoticiastucuman.com.ar\/index.php?rest_route=%2Fwp%2Fv2%2Fcomments&post=47280"}],"version-history":[{"count":1,"href":"https:\/\/masquenoticiastucuman.com.ar\/index.php?rest_route=\/wp\/v2\/posts\/47280\/revisions"}],"predecessor-version":[{"id":47282,"href":"https:\/\/masquenoticiastucuman.com.ar\/index.php?rest_route=\/wp\/v2\/posts\/47280\/revisions\/47282"}],"wp:attachment":[{"href":"https:\/\/masquenoticiastucuman.com.ar\/index.php?rest_route=%2Fwp%2Fv2%2Fmedia&parent=47280"}],"wp:term":[{"taxonomy":"category","embeddable":true,"href":"https:\/\/masquenoticiastucuman.com.ar\/index.php?rest_route=%2Fwp%2Fv2%2Fcategories&post=47280"},{"taxonomy":"post_tag","embeddable":true,"href":"https:\/\/masquenoticiastucuman.com.ar\/index.php?rest_route=%2Fwp%2Fv2%2Ftags&post=47280"}],"curies":[{"name":"wp","href":"https:\/\/api.w.org\/{rel}","templated":true}]}}