{"id":47293,"date":"2025-09-29T08:37:59","date_gmt":"2025-09-29T11:37:59","guid":{"rendered":"https:\/\/masquenoticiastucuman.com.ar\/?p=47293"},"modified":"2025-09-29T08:37:59","modified_gmt":"2025-09-29T11:37:59","slug":"tucuman-inauguro-su-primera-jornada-en-la-fit-2025-con-una-multitud-de-visitantes","status":"publish","type":"post","link":"https:\/\/masquenoticiastucuman.com.ar\/?p=47293","title":{"rendered":"Tucum\u00e1n inaugur\u00f3 su primera jornada en la FIT 2025 con una multitud de visitantes"},"content":{"rendered":"\n<p>\u00abEl Jard\u00edn de la Rep\u00fablica\u00bb mostr\u00f3 todo su potencial en una nueva edici\u00f3n del encuentro m\u00e1s importante para el turismo en LATAM.<\/p>\n\n\n\n<p>Miles de personas se dieron cita este s\u00e1bado en el predio de La Rural, en Buenos Aires, para ser parte del inicio de la&nbsp;<strong>Feria Internacional del Turismo (FIT)<\/strong>, el encuentro m\u00e1s grande de Latinoam\u00e9rica que re\u00fane a m\u00e1s de 1.700 expositores, a las 24 provincias argentinas y a representantes de 60 pa\u00edses. Con un despliegue cultural, gastron\u00f3mico y tur\u00edstico sin precedentes, Tucum\u00e1n volvi\u00f3 a ser protagonista en la gran vidriera del sector, despertando el inter\u00e9s de visitantes y operadores desde el primer d\u00eda.<\/p>\n\n\n\n<p>La jornada comenz\u00f3 con el acto inaugural encabezado por&nbsp;<strong>Javier Milei<\/strong>, presidente de la Naci\u00f3n;&nbsp;<strong>Karina Milei<\/strong>, secretaria general de la Presidencia;&nbsp;<strong>Guillermo Francos<\/strong>, jefe de Gabinete de Ministros;&nbsp;<strong>Lisandro Catal\u00e1n<\/strong>, ministro del Interior;&nbsp;<strong>Patricia Bullrich<\/strong>, ministra de Seguridad; y&nbsp;<strong>Daniel Scioli<\/strong>, secretario de Turismo, Ambiente y Deportes de la Naci\u00f3n, junto a autoridades nacionales e internacionales. Representando a Tucum\u00e1n participaron&nbsp;<strong>Domingo Amaya<\/strong>, presidente del Ente Tucum\u00e1n Turismo (ETT);&nbsp;<strong>In\u00e9s Fr\u00edas Silva<\/strong>, vicepresidente del organismo;&nbsp;<strong>Nicol\u00e1s Micale<\/strong>, director de Promoci\u00f3n Tur\u00edstica;&nbsp;<strong>Francisco \u201cPancho\u201d Serra<\/strong>, presidente de la Comisi\u00f3n de Turismo de la Legislatura;&nbsp;<strong>H\u00e9ctor Vi\u00f1uales<\/strong>, presidente de la C\u00e1mara de Turismo de Tucum\u00e1n (CAMTUC); y&nbsp;<strong>Gregorio Werchow<\/strong>, secretario de Turismo de CAME, adem\u00e1s de funcionarios provinciales y representantes del sector privado.<\/p>\n\n\n\n<p>Tras el acto, las autoridades tucumanas recorrieron el stand institucional emplazado en el espacio del Norte Argentino, donde municipios y prestadores locales mostraron la diversidad de la oferta provincial. \u201cTucum\u00e1n est\u00e1 recuperando su protagonismo. Gracias a la conducci\u00f3n del gobernador&nbsp;<strong>Osvaldo Jaldo<\/strong>, logramos que el Estado y el sector privado trabajen juntos por un mismo objetivo: el desarrollo y el crecimiento\u201d, destac\u00f3 Amaya, subrayando que \u201cla FIT es la vidriera para mostrar al pa\u00eds y al mundo la riqueza de nuestra tierra, desde la Ruta del Az\u00facar hasta el vino de altura, pasando por la yunga, las rutas de la fe, de los artesanos y de los sabores\u201d.<\/p>\n\n\n\n<figure class=\"wp-block-image size-large\"><img decoding=\"async\" src=\"https:\/\/masquenoticiastucuman.com.ar\/wp-content\/uploads\/2025\/09\/250929083101_32418-1024x768.jpg\" alt=\"\" class=\"wp-image-47294\" \/><\/figure>\n\n\n\n<p>El stand tucumano fue uno de los m\u00e1s concurridos en esta primera jornada. Degustaciones de empanadas, s\u00e1ndwiches de milanesa, quesos de Taf\u00ed del Valle y vinos de altura convocaron a cientos de visitantes, acompa\u00f1ados por espect\u00e1culos art\u00edsticos y presentaciones culturales. \u201cHoy Tucum\u00e1n est\u00e1 presente con distintos productos y experiencias: desde su gastronom\u00eda hasta su historia, con propuestas innovadoras que nos consolidan como un destino con todo para ofrecer\u201d, se\u00f1al\u00f3 In\u00e9s Fr\u00edas Silva, quien valor\u00f3 tambi\u00e9n \u201cel trabajo conjunto entre el sector p\u00fablico y privado en la feria m\u00e1s importante del pa\u00eds\u201d.<\/p>\n\n\n\n<p>La expectativa por las rondas de negocios y la oportunidad de contacto directo con el p\u00fablico general marcaron el ritmo de la jornada. \u201cEsta feria es como la frutilla del postre: trabajamos todo el a\u00f1o preparando la oferta y aqu\u00ed est\u00e1 el mostrador donde la ponemos en valor. Tucum\u00e1n se muestra con m\u00e1s de 50 prestadores privados y siete municipios tur\u00edsticos, cada uno con su propuesta y su potencial\u201d, explic\u00f3 H\u00e9ctor Vi\u00f1uales.<\/p>\n\n\n\n<p>Tambi\u00e9n el legislador Francisco \u201cPancho\u201d Serra celebr\u00f3 la oportunidad de visibilizar el turismo cultural e hist\u00f3rico del interior de la provincia: \u201cEs fundamental que lugares como Monteros, cuna de pr\u00f3ceres y de nuestra independencia, est\u00e9n presentes en este espacio para potenciar la identidad tucumana\u201d. Por su parte, Virginia \u00c1vila, secretaria de Relaciones Internacionales y Empresariales del Ministerio de Gobierno y Justicia de Tucum\u00e1n, remarc\u00f3: \u201cLa internacionalizaci\u00f3n de la provincia tambi\u00e9n viene de la mano del turismo y la cultura. Es un honor que Tucum\u00e1n est\u00e9 representado en este escenario global\u201d.<\/p>\n\n\n\n<p><strong>La fiesta reci\u00e9n arranca<\/strong><\/p>\n\n\n\n<p>La FIT 2025 se extender\u00e1 hasta el martes 30 de septiembre. Durante s\u00e1bado y domingo, el p\u00fablico general podr\u00e1 recorrer los stands de 14 a 21 h, mientras que lunes y martes quedar\u00e1n reservados para rondas de negocios y el intercambio profesional. Los organizadores estiman la presencia de m\u00e1s de 130.000 visitantes en esta edici\u00f3n r\u00e9cord, donde Tucum\u00e1n reafirma su lugar como destino tur\u00edstico destacado en Argentina y la regi\u00f3n.<\/p>\n","protected":false},"excerpt":{"rendered":"<p>\u00abEl Jard\u00edn de la Rep\u00fablica\u00bb mostr\u00f3 todo su potencial en una nueva edici\u00f3n del encuentro&#8230;<\/p>\n","protected":false},"author":2,"featured_media":0,"comment_status":"open","ping_status":"open","sticky":false,"template":"","format":"standard","meta":{"footnotes":""},"categories":[2],"tags":[],"class_list":["post-47293","post","type-post","status-publish","format-standard","hentry","category-locales"],"_links":{"self":[{"href":"https:\/\/masquenoticiastucuman.com.ar\/index.php?rest_route=\/wp\/v2\/posts\/47293","targetHints":{"allow":["GET"]}}],"collection":[{"href":"https:\/\/masquenoticiastucuman.com.ar\/index.php?rest_route=\/wp\/v2\/posts"}],"about":[{"href":"https:\/\/masquenoticiastucuman.com.ar\/index.php?rest_route=\/wp\/v2\/types\/post"}],"author":[{"embeddable":true,"href":"https:\/\/masquenoticiastucuman.com.ar\/index.php?rest_route=\/wp\/v2\/users\/2"}],"replies":[{"embeddable":true,"href":"https:\/\/masquenoticiastucuman.com.ar\/index.php?rest_route=%2Fwp%2Fv2%2Fcomments&post=47293"}],"version-history":[{"count":1,"href":"https:\/\/masquenoticiastucuman.com.ar\/index.php?rest_route=\/wp\/v2\/posts\/47293\/revisions"}],"predecessor-version":[{"id":47296,"href":"https:\/\/masquenoticiastucuman.com.ar\/index.php?rest_route=\/wp\/v2\/posts\/47293\/revisions\/47296"}],"wp:attachment":[{"href":"https:\/\/masquenoticiastucuman.com.ar\/index.php?rest_route=%2Fwp%2Fv2%2Fmedia&parent=47293"}],"wp:term":[{"taxonomy":"category","embeddable":true,"href":"https:\/\/masquenoticiastucuman.com.ar\/index.php?rest_route=%2Fwp%2Fv2%2Fcategories&post=47293"},{"taxonomy":"post_tag","embeddable":true,"href":"https:\/\/masquenoticiastucuman.com.ar\/index.php?rest_route=%2Fwp%2Fv2%2Ftags&post=47293"}],"curies":[{"name":"wp","href":"https:\/\/api.w.org\/{rel}","templated":true}]}}