{"id":47301,"date":"2025-09-29T11:01:02","date_gmt":"2025-09-29T14:01:02","guid":{"rendered":"http:\/\/masquenoticiastucuman.com.ar\/?p=47301"},"modified":"2025-09-29T11:01:02","modified_gmt":"2025-09-29T14:01:02","slug":"conmocion-en-espana-un-joven-arquero-murio-despues-de-chocar-su-cabeza-contra-un-rival-dentro-del-area","status":"publish","type":"post","link":"https:\/\/masquenoticiastucuman.com.ar\/?p=47301","title":{"rendered":"Conmoci\u00f3n en Espa\u00f1a: un joven arquero muri\u00f3 despu\u00e9s de chocar su cabeza contra un rival dentro del \u00e1rea"},"content":{"rendered":"<ul>\n<li>Se trata de Ra\u00fal Ram\u00edrez, del Colindres de la Tercera Divisi\u00f3n RFEF, que permanec\u00eda internado desde el s\u00e1bado.<\/li>\n<li>Hab\u00eda sufrido un paro card\u00edaco en el campo de juego, otro en su traslado en ambulancia y un tercero en el hospital.<\/li>\n<\/ul>","protected":false},"excerpt":{"rendered":"<p>Se trata de Ra\u00fal Ram\u00edrez, del Colindres de la Tercera Divisi\u00f3n RFEF, que permanec\u00eda internado&#8230;<\/p>\n","protected":false},"author":1,"featured_media":0,"comment_status":"open","ping_status":"open","sticky":false,"template":"","format":"standard","meta":{"footnotes":""},"categories":[6],"tags":[],"class_list":["post-47301","post","type-post","status-publish","format-standard","hentry","category-deportes"],"_links":{"self":[{"href":"https:\/\/masquenoticiastucuman.com.ar\/index.php?rest_route=\/wp\/v2\/posts\/47301","targetHints":{"allow":["GET"]}}],"collection":[{"href":"https:\/\/masquenoticiastucuman.com.ar\/index.php?rest_route=\/wp\/v2\/posts"}],"about":[{"href":"https:\/\/masquenoticiastucuman.com.ar\/index.php?rest_route=\/wp\/v2\/types\/post"}],"author":[{"embeddable":true,"href":"https:\/\/masquenoticiastucuman.com.ar\/index.php?rest_route=\/wp\/v2\/users\/1"}],"replies":[{"embeddable":true,"href":"https:\/\/masquenoticiastucuman.com.ar\/index.php?rest_route=%2Fwp%2Fv2%2Fcomments&post=47301"}],"version-history":[{"count":0,"href":"https:\/\/masquenoticiastucuman.com.ar\/index.php?rest_route=\/wp\/v2\/posts\/47301\/revisions"}],"wp:attachment":[{"href":"https:\/\/masquenoticiastucuman.com.ar\/index.php?rest_route=%2Fwp%2Fv2%2Fmedia&parent=47301"}],"wp:term":[{"taxonomy":"category","embeddable":true,"href":"https:\/\/masquenoticiastucuman.com.ar\/index.php?rest_route=%2Fwp%2Fv2%2Fcategories&post=47301"},{"taxonomy":"post_tag","embeddable":true,"href":"https:\/\/masquenoticiastucuman.com.ar\/index.php?rest_route=%2Fwp%2Fv2%2Ftags&post=47301"}],"curies":[{"name":"wp","href":"https:\/\/api.w.org\/{rel}","templated":true}]}}