{"id":47317,"date":"2025-09-29T12:27:09","date_gmt":"2025-09-29T15:27:09","guid":{"rendered":"https:\/\/masquenoticiastucuman.com.ar\/?p=47317"},"modified":"2025-09-29T12:27:09","modified_gmt":"2025-09-29T15:27:09","slug":"incautaron-cocaina-y-psicofarmacos-durante-una-requisa-en-el-penal-de-villa-urquiza","status":"publish","type":"post","link":"https:\/\/masquenoticiastucuman.com.ar\/?p=47317","title":{"rendered":"Incautaron coca\u00edna y psicof\u00e1rmacos durante una requisa en el penal de Villa Urquiza"},"content":{"rendered":"\n<p>El operativo se realiz\u00f3 minutos despu\u00e9s de la medianoche de este domingo y culmin\u00f3 antes de las 3 de la ma\u00f1ana.<\/p>\n\n\n\n<p>En un procedimiento de inspecci\u00f3n sorpresivo, personal del complejo penitenciario Villa Urquiza ejecut\u00f3 la requisa de la Unidad 1 hallando sustancias prohibidas entre las pertenencias de varios internos.<\/p>\n\n\n\n<p>Los responsables del hecho son tres reclusos, con causas por robo y evasi\u00f3n, en cuyas celdas los uniformados encontraron un total de 70 bochitas de coca\u00edna y m\u00e1s de 200 pastillas, entre comprimidos enteros y mitades. Ante el hecho, se dio intervenci\u00f3n a un equipo de la Direcci\u00f3n Drogas Peligrosas (DIDROP) Capital para que realice las correspondientes pruebas de campo y, a posterior, proceda al secuestro de los alucin\u00f3genos.<\/p>\n\n\n\n<p>La Unidad Fiscal a cargo afect\u00f3 a los detenidos a una nueva causa por infracci\u00f3n a las Leyes de Estupefacientes y de Narcomenudeo en tanto que los psicotr\u00f3picos fueron decomisados inmediatamente.<\/p>\n","protected":false},"excerpt":{"rendered":"<p>El operativo se realiz\u00f3 minutos despu\u00e9s de la medianoche de este domingo y culmin\u00f3 antes&#8230;<\/p>\n","protected":false},"author":2,"featured_media":0,"comment_status":"open","ping_status":"open","sticky":false,"template":"","format":"standard","meta":{"footnotes":""},"categories":[2],"tags":[],"class_list":["post-47317","post","type-post","status-publish","format-standard","hentry","category-locales"],"_links":{"self":[{"href":"https:\/\/masquenoticiastucuman.com.ar\/index.php?rest_route=\/wp\/v2\/posts\/47317","targetHints":{"allow":["GET"]}}],"collection":[{"href":"https:\/\/masquenoticiastucuman.com.ar\/index.php?rest_route=\/wp\/v2\/posts"}],"about":[{"href":"https:\/\/masquenoticiastucuman.com.ar\/index.php?rest_route=\/wp\/v2\/types\/post"}],"author":[{"embeddable":true,"href":"https:\/\/masquenoticiastucuman.com.ar\/index.php?rest_route=\/wp\/v2\/users\/2"}],"replies":[{"embeddable":true,"href":"https:\/\/masquenoticiastucuman.com.ar\/index.php?rest_route=%2Fwp%2Fv2%2Fcomments&post=47317"}],"version-history":[{"count":1,"href":"https:\/\/masquenoticiastucuman.com.ar\/index.php?rest_route=\/wp\/v2\/posts\/47317\/revisions"}],"predecessor-version":[{"id":47319,"href":"https:\/\/masquenoticiastucuman.com.ar\/index.php?rest_route=\/wp\/v2\/posts\/47317\/revisions\/47319"}],"wp:attachment":[{"href":"https:\/\/masquenoticiastucuman.com.ar\/index.php?rest_route=%2Fwp%2Fv2%2Fmedia&parent=47317"}],"wp:term":[{"taxonomy":"category","embeddable":true,"href":"https:\/\/masquenoticiastucuman.com.ar\/index.php?rest_route=%2Fwp%2Fv2%2Fcategories&post=47317"},{"taxonomy":"post_tag","embeddable":true,"href":"https:\/\/masquenoticiastucuman.com.ar\/index.php?rest_route=%2Fwp%2Fv2%2Ftags&post=47317"}],"curies":[{"name":"wp","href":"https:\/\/api.w.org\/{rel}","templated":true}]}}