{"id":47324,"date":"2025-09-29T14:01:02","date_gmt":"2025-09-29T17:01:02","guid":{"rendered":"http:\/\/masquenoticiastucuman.com.ar\/?p=47324"},"modified":"2025-09-29T14:01:02","modified_gmt":"2025-09-29T17:01:02","slug":"velez-vs-atletico-tucuman-por-el-torneo-clausura-2025-de-la-liga-profesioanl-minuto-a-minuto-en-directo","status":"publish","type":"post","link":"https:\/\/masquenoticiastucuman.com.ar\/?p=47324","title":{"rendered":"V\u00e9lez vs Atl\u00e9tico Tucum\u00e1n por el Torneo Clausura 2025 de la Liga Profesioanl: minuto a minuto, en directo"},"content":{"rendered":"<ul>\n<li>Se enfrentan en el estadio Jos\u00e9 Amalfitani, en Liniers. <\/li>\n<li>Con arbitraje de Leandro Rey Hilfer y con \u00c1lvaro Carranza en el VAR.<\/li>\n<li>Por ESPN Premium.<\/li>\n<\/ul>","protected":false},"excerpt":{"rendered":"<p>Se enfrentan en el estadio Jos\u00e9 Amalfitani, en Liniers. Con arbitraje de Leandro Rey Hilfer&#8230;<\/p>\n","protected":false},"author":1,"featured_media":0,"comment_status":"open","ping_status":"open","sticky":false,"template":"","format":"standard","meta":{"footnotes":""},"categories":[6],"tags":[],"class_list":["post-47324","post","type-post","status-publish","format-standard","hentry","category-deportes"],"_links":{"self":[{"href":"https:\/\/masquenoticiastucuman.com.ar\/index.php?rest_route=\/wp\/v2\/posts\/47324","targetHints":{"allow":["GET"]}}],"collection":[{"href":"https:\/\/masquenoticiastucuman.com.ar\/index.php?rest_route=\/wp\/v2\/posts"}],"about":[{"href":"https:\/\/masquenoticiastucuman.com.ar\/index.php?rest_route=\/wp\/v2\/types\/post"}],"author":[{"embeddable":true,"href":"https:\/\/masquenoticiastucuman.com.ar\/index.php?rest_route=\/wp\/v2\/users\/1"}],"replies":[{"embeddable":true,"href":"https:\/\/masquenoticiastucuman.com.ar\/index.php?rest_route=%2Fwp%2Fv2%2Fcomments&post=47324"}],"version-history":[{"count":0,"href":"https:\/\/masquenoticiastucuman.com.ar\/index.php?rest_route=\/wp\/v2\/posts\/47324\/revisions"}],"wp:attachment":[{"href":"https:\/\/masquenoticiastucuman.com.ar\/index.php?rest_route=%2Fwp%2Fv2%2Fmedia&parent=47324"}],"wp:term":[{"taxonomy":"category","embeddable":true,"href":"https:\/\/masquenoticiastucuman.com.ar\/index.php?rest_route=%2Fwp%2Fv2%2Fcategories&post=47324"},{"taxonomy":"post_tag","embeddable":true,"href":"https:\/\/masquenoticiastucuman.com.ar\/index.php?rest_route=%2Fwp%2Fv2%2Ftags&post=47324"}],"curies":[{"name":"wp","href":"https:\/\/api.w.org\/{rel}","templated":true}]}}