{"id":47334,"date":"2025-09-29T16:01:02","date_gmt":"2025-09-29T19:01:02","guid":{"rendered":"http:\/\/masquenoticiastucuman.com.ar\/?p=47334"},"modified":"2025-09-29T16:01:02","modified_gmt":"2025-09-29T19:01:02","slug":"el-futbol-vs-deportes-de-elite-el-lapidario-informe-del-sindicato-de-futbolistas-sobre-el-apretado-calendario-y-el-ejemplo-de-un-argentino-campeon-del-mundo","status":"publish","type":"post","link":"https:\/\/masquenoticiastucuman.com.ar\/?p=47334","title":{"rendered":"El f\u00fatbol vs deportes de \u00e9lite: el lapidario informe del sindicato de futbolistas sobre el apretado calendario y el ejemplo de un argentino campe\u00f3n del mundo"},"content":{"rendered":"<ul>\n<li>El FIFPro, liderado por el argentino Sergio Marchi, public\u00f3 los datos de la temporada 2024\/25.<\/li>\n<li>Reclama que no hay &#8220;una protecci\u00f3n m\u00ednima&#8221; para la salud de los jugadores.<\/li>\n<\/ul>","protected":false},"excerpt":{"rendered":"<p>El FIFPro, liderado por el argentino Sergio Marchi, public\u00f3 los datos de la temporada 2024\/25&#8230;.<\/p>\n","protected":false},"author":1,"featured_media":0,"comment_status":"open","ping_status":"open","sticky":false,"template":"","format":"standard","meta":{"footnotes":""},"categories":[6],"tags":[],"class_list":["post-47334","post","type-post","status-publish","format-standard","hentry","category-deportes"],"_links":{"self":[{"href":"https:\/\/masquenoticiastucuman.com.ar\/index.php?rest_route=\/wp\/v2\/posts\/47334","targetHints":{"allow":["GET"]}}],"collection":[{"href":"https:\/\/masquenoticiastucuman.com.ar\/index.php?rest_route=\/wp\/v2\/posts"}],"about":[{"href":"https:\/\/masquenoticiastucuman.com.ar\/index.php?rest_route=\/wp\/v2\/types\/post"}],"author":[{"embeddable":true,"href":"https:\/\/masquenoticiastucuman.com.ar\/index.php?rest_route=\/wp\/v2\/users\/1"}],"replies":[{"embeddable":true,"href":"https:\/\/masquenoticiastucuman.com.ar\/index.php?rest_route=%2Fwp%2Fv2%2Fcomments&post=47334"}],"version-history":[{"count":0,"href":"https:\/\/masquenoticiastucuman.com.ar\/index.php?rest_route=\/wp\/v2\/posts\/47334\/revisions"}],"wp:attachment":[{"href":"https:\/\/masquenoticiastucuman.com.ar\/index.php?rest_route=%2Fwp%2Fv2%2Fmedia&parent=47334"}],"wp:term":[{"taxonomy":"category","embeddable":true,"href":"https:\/\/masquenoticiastucuman.com.ar\/index.php?rest_route=%2Fwp%2Fv2%2Fcategories&post=47334"},{"taxonomy":"post_tag","embeddable":true,"href":"https:\/\/masquenoticiastucuman.com.ar\/index.php?rest_route=%2Fwp%2Fv2%2Ftags&post=47334"}],"curies":[{"name":"wp","href":"https:\/\/api.w.org\/{rel}","templated":true}]}}