{"id":47378,"date":"2025-09-30T06:56:33","date_gmt":"2025-09-30T09:56:33","guid":{"rendered":"https:\/\/masquenoticiastucuman.com.ar\/?p=47378"},"modified":"2025-09-30T06:56:34","modified_gmt":"2025-09-30T09:56:34","slug":"jaldo-superviso-obras-de-agua-potable-en-alberdi","status":"publish","type":"post","link":"https:\/\/masquenoticiastucuman.com.ar\/?p=47378","title":{"rendered":"Jaldo supervis\u00f3 obras de agua potable en Alberdi"},"content":{"rendered":"\n<p>Se trata de renovaci\u00f3n de cloacas, perforaci\u00f3n de pozos de agua. Tambi\u00e9n qued\u00f3 habilitado un complejo semaforizado y el municipio recibi\u00f3 veh\u00edculos para mejorar el parque automotor.<\/p>\n\n\n\n<p id=\"isPasted\">El vicegobernador a cargo del Ejecutivo,<strong>&nbsp;Miguel Acevedo<\/strong>&nbsp;supervis\u00f3 el inicio de obras en Juan Bautista Alberdi. Se trata de renovaci\u00f3n de cloacas, perforaci\u00f3n de pozos de agua. Estas obras forman parte de un plan integralfinanciados \u00edntegramente con recursos de la Provincia y de la Sociedad Aguas del Tucum\u00e1n (SAT). A su vez, la ciudad tambi\u00e9n contar\u00e1 con nuevos veh\u00edculos, los bomberos con autobomas.<\/p>\n\n\n\n<p>Particip\u00f3 del acto el gobernador en uso de licencia,<strong>&nbsp;Osvaldo Jaldo; &nbsp;<\/strong>el presidente subrogante de la Legislatura,&nbsp;<strong>Sergio Mansilla;<\/strong>&nbsp;el vicepresidente Primero de la Legislatura,&nbsp;<strong>Aldo Salom\u00f3n;<\/strong>&nbsp;ministro del Interior,&nbsp;<strong>Dar\u00edo Monteros;<\/strong>&nbsp;diputados&nbsp;<strong>Elia Fern\u00e1ndez, Gladys Medina, Agust\u00edn Fern\u00e1ndez<\/strong>; interventor de Alberdi<strong>&nbsp;Guillermo Norry;&nbsp;<\/strong>los legisladores&nbsp;<strong>Nancy Bulacios, Carlos Funez, &nbsp;Sandra Figueroa, Sara Lazarte, Carlos G\u00f3mez, Roque Arga\u00f1araz, Carolina Vargas Aignasse, Alberto Olea, Alejandra Cejas, Walter Herrera, Patricia Liz\u00e1rraga, Leopoldo Rodr\u00edguez, Alejandro Figueroa;<\/strong>&nbsp;intendentes de Aguilares,&nbsp;<strong>Gimena Mansilla;<\/strong>&nbsp;de Alderetes,&nbsp;<strong>Graciela Gut\u00ederrez<\/strong>; de Lules&nbsp;<strong>Marta Albarrac\u00edn<\/strong>; de La Cocha,<strong>&nbsp;Gabriela Rodr\u00edguez;<\/strong>&nbsp;secretario de Gobierno,&nbsp;<strong>Ra\u00fal Albarrac\u00edn;<\/strong>&nbsp;prosecretario de la Legislatura&nbsp;<strong>Alejandro Mart\u00ednez<\/strong>; el titular de la SAT&nbsp;<strong>Marcelo Caponio<\/strong>; del IPLA,&nbsp;<strong>Dante Loza<\/strong>; los secretarios generales de UOCRA,&nbsp;<strong>David Acosta<\/strong>; de UTA&nbsp;<strong>C\u00e9sar Gonz\u00e1lez<\/strong>; el candidato a intendente por Alberdi&nbsp;<strong>Bruno Romano.<\/strong><\/p>\n\n\n\n<figure class=\"wp-block-image size-large\"><img decoding=\"async\" src=\"https:\/\/masquenoticiastucuman.com.ar\/wp-content\/uploads\/2025\/09\/250929210946_15062-1024x683.jpeg\" alt=\"\" class=\"wp-image-47379\" \/><\/figure>\n\n\n\n<p>Las obras consisten en el reemplazo de m\u00e1s de 2.000 metros de colectores, que ya renovaron las calles L\u00eddolo, Quintero y la avenida Belgrano.&nbsp;<\/p>\n\n\n\n<p>En ese sentido, Acevedo remarc\u00f3 que \u201cHoy en Alberdi cumplimos con un recorrido de lo que se estaba haciendo. Estamos viendo, muy contento, que no se detiene el trabajo y que la institucionalidad se respeta a rajatabla, el trabajo viene siendo constante e incesante en todo, a lo largo y lo ancho de toda la provincia\u00bb.&nbsp;<\/p>\n\n\n\n<p id=\"isPasted\">Jaldo subray\u00f3 que, a pesar de los \u00abmomentos dif\u00edciles nacionales\u00bb, la gesti\u00f3n provincial y municipal sigue en marcha.&nbsp;<strong>\u00abLa gesti\u00f3n no se para\u00bb<\/strong>, afirm\u00f3, destacando que el gobierno hizo \u00ablos deberes\u00bb para asegurar que los recursos y servicios esenciales lleguen a las 93 comunas y municipios del interior.<\/p>\n\n\n\n<p>El mandatario en uso de licencia hizo un reconocimiento p\u00fablico a Guillermo Norris por su labor en la administraci\u00f3n interina: \u00abQuiero agradecer desde el coraz\u00f3n al gran compa\u00f1ero Guillermo Norris que se puso al frente con el \u00fanico objetivo de&nbsp;<strong><\/strong>mejorar la calidad de vida<strong><\/strong>&nbsp;de los que viven ac\u00e1\u00bb.<\/p>\n\n\n\n<p>En su balance, Jaldo detall\u00f3 los logros:&nbsp;<strong><\/strong>\u00abPodemos decir que dentro de nuestras posibilidades hicimos obras p\u00fablicas, mejoramos servicios\u00bb<strong><\/strong>, remarcando que son acciones hist\u00f3ricamente cumplidas por el peronismo, como la realizaci\u00f3n del acceso a la ciudad.<\/p>\n\n\n\n<p>Jaldo tambi\u00e9n reafirm\u00f3 el compromiso del gobierno provincial de acompa\u00f1ar la futura gesti\u00f3n de Bruno Romano, asegurando que su apoyo se traducir\u00e1 en un trabajo articulado.&nbsp;<strong><\/strong>\u00abEl gobierno no se va de Alberdi. Vamos a seguir aqu\u00ed\u00bb<strong><\/strong>, sostuvo, garantizando que el trabajo institucional continuar\u00e1 \u00aba la par\u00bb del nuevo intendente.<\/p>\n\n\n\n<p>Uno de los ejes centrales de la jornada fue el inicio de la perforaci\u00f3n del pozo \u201cAlberdi 2\u201d, ubicado en calle Laprida, que reforzar\u00e1 el suministro en pleno casco urbano. Paralelamente, en Donato \u00c1lvarez avanzan las obras civiles de otro pozo ya perforado, que aportar\u00e1 105 m\u00b3\/h al sistema de agua potable.<\/p>\n\n\n\n<p>A su vez, Monteros record\u00f3 que Alberdi est\u00e1 en el pacto social. \u00abSignifica que el Gobierno de la provincia le va a garantizar todo. Sueldo, servicio las obras que hoy con la intervenci\u00f3n ya estamos haciendo. Hoy qued\u00f3 demostrado, con la nueva perforaci\u00f3n del pozo, el cami\u00f3n de desobstructor que queda en Alberdi, una camioneta que queda en Alberdi, la autobomba para los bomberos, el complejo semaforizado, una aplicaci\u00f3n para prevenir la seguridad de m\u00e1s de diez mil vecinos en esta primera etapa\u201d.<\/p>\n\n\n\n<p>Caponio resalt\u00f3 que \u201choy es un d\u00eda muy importante para Alberdi. Con estos dos nuevos pozos vamos a garantizar agua potable en cantidad y calidad suficiente para el 100% de los pobladores. Esta inversi\u00f3n de m\u00e1s de 1.500 millones de pesos es posible gracias a los fondos de la provincia y de la SAT, sin aporte nacional. Es un esfuerzo conjunto por y para los tucumanos.\u201d<\/p>\n\n\n\n<p>Norry destac\u00f3 que \u201ccon este nuevo pozo, el agua potable del casco urbano quedar\u00e1 garantizada. Adem\u00e1s, Alberdi recibe equipamiento moderno y un sistema innovador de seguridad como la aplicaci\u00f3n Alerta Alberdi, que brindar\u00e1 protecci\u00f3n a m\u00e1s de 10.000 vecinos en casos de incendio, il\u00edcitos o violencia de g\u00e9nero.\u201d<\/p>\n","protected":false},"excerpt":{"rendered":"<p>Se trata de renovaci\u00f3n de cloacas, perforaci\u00f3n de pozos de agua. Tambi\u00e9n qued\u00f3 habilitado un&#8230;<\/p>\n","protected":false},"author":2,"featured_media":0,"comment_status":"open","ping_status":"open","sticky":false,"template":"","format":"standard","meta":{"footnotes":""},"categories":[2],"tags":[],"class_list":["post-47378","post","type-post","status-publish","format-standard","hentry","category-locales"],"_links":{"self":[{"href":"https:\/\/masquenoticiastucuman.com.ar\/index.php?rest_route=\/wp\/v2\/posts\/47378","targetHints":{"allow":["GET"]}}],"collection":[{"href":"https:\/\/masquenoticiastucuman.com.ar\/index.php?rest_route=\/wp\/v2\/posts"}],"about":[{"href":"https:\/\/masquenoticiastucuman.com.ar\/index.php?rest_route=\/wp\/v2\/types\/post"}],"author":[{"embeddable":true,"href":"https:\/\/masquenoticiastucuman.com.ar\/index.php?rest_route=\/wp\/v2\/users\/2"}],"replies":[{"embeddable":true,"href":"https:\/\/masquenoticiastucuman.com.ar\/index.php?rest_route=%2Fwp%2Fv2%2Fcomments&post=47378"}],"version-history":[{"count":1,"href":"https:\/\/masquenoticiastucuman.com.ar\/index.php?rest_route=\/wp\/v2\/posts\/47378\/revisions"}],"predecessor-version":[{"id":47381,"href":"https:\/\/masquenoticiastucuman.com.ar\/index.php?rest_route=\/wp\/v2\/posts\/47378\/revisions\/47381"}],"wp:attachment":[{"href":"https:\/\/masquenoticiastucuman.com.ar\/index.php?rest_route=%2Fwp%2Fv2%2Fmedia&parent=47378"}],"wp:term":[{"taxonomy":"category","embeddable":true,"href":"https:\/\/masquenoticiastucuman.com.ar\/index.php?rest_route=%2Fwp%2Fv2%2Fcategories&post=47378"},{"taxonomy":"post_tag","embeddable":true,"href":"https:\/\/masquenoticiastucuman.com.ar\/index.php?rest_route=%2Fwp%2Fv2%2Ftags&post=47378"}],"curies":[{"name":"wp","href":"https:\/\/api.w.org\/{rel}","templated":true}]}}