{"id":47388,"date":"2025-09-30T07:17:10","date_gmt":"2025-09-30T10:17:10","guid":{"rendered":"https:\/\/masquenoticiastucuman.com.ar\/?p=47388"},"modified":"2025-09-30T07:17:11","modified_gmt":"2025-09-30T10:17:11","slug":"secuestran-celulares-y-computadoras-por-las-amenazas-a-jaldo-y-al-jefe-de-policia","status":"publish","type":"post","link":"https:\/\/masquenoticiastucuman.com.ar\/?p=47388","title":{"rendered":"Secuestran celulares y computadoras por las amenazas a Jaldo y al Jefe de Polic\u00eda"},"content":{"rendered":"\n<p>Se hicieron allanamientos este lunes en los Barrios Oeste II y San Expedito.<\/p>\n\n\n\n<p id=\"isPasted\">En allanamientos realizados este lunes en los Barrios Oeste II y San Expedito, los efectivos del Departamento de Inteligencia Criminal (D-2) lograron el secuestro de celulares y computadoras en los domicilios de familiares de&nbsp;<strong>\u201cChucky\u201d Casanova,&nbsp;<\/strong>&nbsp;en el marco de la causa en la que se investigan las amenazas contra el gobernador en uso de licencia,<strong>&nbsp;Osvaldo Jaldo<\/strong>, el Jefe de Polic\u00eda,&nbsp;<strong>Joaqu\u00edn Girvau&nbsp;<\/strong>y el titular de la Unidad Regional Norte,&nbsp;<strong>Gustavo Beltr\u00e1n<\/strong>, tras la detenci\u00f3n de este delincuente con frondoso prontuario.<\/p>\n\n\n\n<p>\u201cLa semana pasada se realizaron allanamientos por parte del personal policial de la Unidad Regional Norte con la intervenci\u00f3n de la Unidad Fiscal Criminal de la I Nominaci\u00f3n por una causa de enfrentamientos con armas de fuego protagonizado por grupos de personas en la ciudad de Taf\u00ed Viejo. Como resultado se logr\u00f3 la detenci\u00f3n de Javier \u201cChucky\u201d Casanova y el secuestro de armas de fuego y cartuchos de distintas marcas y calibres, estupefacientes y motocicletas\u201d, explic\u00f3 el jefe del Departamento de Inteligencia Criminal, Comisario General<strong>&nbsp;Alejandro Soria<\/strong>, quien supervis\u00f3 personalmente las medidas judiciales y record\u00f3 que actualmente \u201cChucky\u201d se encuentra alojado en el penal de Benjam\u00edn Paz para cumplir con su prisi\u00f3n preventiva.&nbsp;<\/p>\n\n\n\n<p>\u201cEstos procedimientos dieron lugar a m\u00faltiples publicaciones period\u00edsticas en los portales de noticias web, donde distintas personas realizaron comentarios al respecto. Entre ellas, familiares del detenido realizaron comentarios de manera agresiva y con amenazas concretas contra el gobernador de la provincia en uso de licencia, el Jefe de Polic\u00eda y otros jefes policiales. Esto dio lugar al inicio de actuaciones sumariales por parte de la Secci\u00f3n Inform\u00e1tica Forense del D-2, que derivaron en estas medidas de allanamientos con la intervenci\u00f3n de la Unidad Fiscal Criminal N\u00b0 II. Como resultado, se secuestraron varios celulares y computadoras. Adem\u00e1s, a dos personas se las notific\u00f3 del acta de apertura de investigaci\u00f3n y de sus derechos\u201d, detall\u00f3 Soria.<\/p>\n\n\n\n<p>&nbsp;\u201cCon los secuestros logrados en estas medidas continuamos con la investigaci\u00f3n siguiendo las instrucciones de la Unidad Fiscal interviniente. De esta manera, la Polic\u00eda mostr\u00f3 una vez m\u00e1s que contin\u00faa su trabajo en una lucha frontal contra la delincuencia siguiendo los lineamientos del gobierno de la provincia, Ministerio de Seguridad y Comando Superior\u201c, concluy\u00f3 Soria.<\/p>\n","protected":false},"excerpt":{"rendered":"<p>Se hicieron allanamientos este lunes en los Barrios Oeste II y San Expedito. En allanamientos&#8230;<\/p>\n","protected":false},"author":2,"featured_media":0,"comment_status":"open","ping_status":"open","sticky":false,"template":"","format":"standard","meta":{"footnotes":""},"categories":[2],"tags":[],"class_list":["post-47388","post","type-post","status-publish","format-standard","hentry","category-locales"],"_links":{"self":[{"href":"https:\/\/masquenoticiastucuman.com.ar\/index.php?rest_route=\/wp\/v2\/posts\/47388","targetHints":{"allow":["GET"]}}],"collection":[{"href":"https:\/\/masquenoticiastucuman.com.ar\/index.php?rest_route=\/wp\/v2\/posts"}],"about":[{"href":"https:\/\/masquenoticiastucuman.com.ar\/index.php?rest_route=\/wp\/v2\/types\/post"}],"author":[{"embeddable":true,"href":"https:\/\/masquenoticiastucuman.com.ar\/index.php?rest_route=\/wp\/v2\/users\/2"}],"replies":[{"embeddable":true,"href":"https:\/\/masquenoticiastucuman.com.ar\/index.php?rest_route=%2Fwp%2Fv2%2Fcomments&post=47388"}],"version-history":[{"count":1,"href":"https:\/\/masquenoticiastucuman.com.ar\/index.php?rest_route=\/wp\/v2\/posts\/47388\/revisions"}],"predecessor-version":[{"id":47390,"href":"https:\/\/masquenoticiastucuman.com.ar\/index.php?rest_route=\/wp\/v2\/posts\/47388\/revisions\/47390"}],"wp:attachment":[{"href":"https:\/\/masquenoticiastucuman.com.ar\/index.php?rest_route=%2Fwp%2Fv2%2Fmedia&parent=47388"}],"wp:term":[{"taxonomy":"category","embeddable":true,"href":"https:\/\/masquenoticiastucuman.com.ar\/index.php?rest_route=%2Fwp%2Fv2%2Fcategories&post=47388"},{"taxonomy":"post_tag","embeddable":true,"href":"https:\/\/masquenoticiastucuman.com.ar\/index.php?rest_route=%2Fwp%2Fv2%2Ftags&post=47388"}],"curies":[{"name":"wp","href":"https:\/\/api.w.org\/{rel}","templated":true}]}}