{"id":47399,"date":"2025-09-30T08:17:31","date_gmt":"2025-09-30T11:17:31","guid":{"rendered":"https:\/\/masquenoticiastucuman.com.ar\/?p=47399"},"modified":"2025-09-30T08:17:32","modified_gmt":"2025-09-30T11:17:32","slug":"continua-el-pago-del-salario-de-septiembre","status":"publish","type":"post","link":"https:\/\/masquenoticiastucuman.com.ar\/?p=47399","title":{"rendered":"Contin\u00faa el pago del salario de septiembre"},"content":{"rendered":"\n<p>De acuerdo a lo establecido por Tesorer\u00eda de la Provincia, la parte complementar\u00eda se efectuar\u00eda desde el jueves 2 de octubre.<\/p>\n\n\n\n<p id=\"isPasted\">De acuerdo a lo estipulado por la Tesorer\u00eda de la Provincia, repartici\u00f3n que pertenece a la Secretar\u00eda de Hacienda, organismo del ministerio de Econom\u00eda y Producci\u00f3n, contin\u00faa el pago del sueldo de septiembre para los trabajadores de los tres poderes del Estado<\/p>\n\n\n\n<p>Este martes prosigue el dep\u00f3sito del 20% de los haberes:&nbsp;<\/p>\n\n\n\n<p><strong>Martes 30<\/strong><\/p>\n\n\n\n<p>-PODER JUDICIAL (Ctro. Jud. Concepci\u00f3n- Ctro. Judicial Monteros-Corte Suprema de Just.- Just. Paz Legal)<\/p>\n\n\n\n<p>-MINISTERIO P\u00daBLICO FISCAL<\/p>\n\n\n\n<p>-MINISTERIO PUPILAR Y DE LA DEFENSA<\/p>\n\n\n\n<p>&#8211; MUNICIPIOS DEL INTERIOR<\/p>\n\n\n\n<p>-DIRECCI\u00d3N RECURSOS H\u00cdDRICOS<\/p>\n\n\n\n<p>-ENTE AUT\u00c1RQUICO TUCUM\u00c1N TURISMO<\/p>\n\n\n\n<p>-ENTE CULTURAL DE TUCUM\u00c1N<\/p>\n\n\n\n<p>-INSTITUTO PROVINCIAL ACCI\u00d3N COOPERATIVA Y MUTUAL (I.P.A.C.Y.M.)<\/p>\n\n\n\n<p>-SERVICIO PROVINCIAL DE AGUA POTABLE Y SANEAMIENTO (S.E.P.A.P.Y.S.)<\/p>\n\n\n\n<p>-ENTE \u00daNICO DE REG.DE SERVIC. P\u00daB. PCIAL. (E.R.S.E.P.T.)<\/p>\n\n\n\n<p>-INSTITUTO DESARROLLO PRODUCTIVO<\/p>\n\n\n\n<p>-ENTE INFRAESTRUCTURA COMUNITARIA<\/p>\n\n\n\n<p>-INST. PROMOCI\u00d3N DEL AZ\u00daCAR Y ALCOHOL<\/p>\n\n\n\n<p>-ENTE AUTARQ. TEATRO MERCEDES SOSA<\/p>\n\n\n\n<p>&nbsp;<strong>En tanto que la parte complementaria comenzar\u00e1 el jueves 2 de octubre:<\/strong><\/p>\n\n\n\n<h3 class=\"wp-block-heading\">Jueves 2 de octubre<\/h3>\n\n\n\n<p>&nbsp;-SISTEMA PROVINCIAL DE SALUD (SI.PRO.SA.)<\/p>\n\n\n\n<p>-INSTITUTO PROVINCIAL DE LA VIVIENDA<\/p>\n\n\n\n<p>-INSTITUTO DE PREVISI\u00d3N Y SEGURIDAD SOCIAL DE TUCUM\u00c1N<\/p>\n\n\n\n<p>-ESTACI\u00d3N EXPERIMENTAL AGROINDUSTRIAL OBISPO COLOMBRES<\/p>\n\n\n\n<p>-SOCIEDAD AGUAS DEL TUCUM\u00c1N<\/p>\n\n\n\n<p>-DIRECCI\u00d3N PROVINCIAL DE VIALIDAD (D.P.V.)<\/p>\n\n\n\n<h3 class=\"wp-block-heading\">Viernes 3 de octubre<\/h3>\n\n\n\n<p>-ADMINISTRACI\u00d3N CENTRAL<\/p>\n\n\n\n<p>-EDUCACI\u00d3N ESTABLEC. PROVINCIALES -(Esc. Provinciales.-Rep.18 &#8211; Esc. Sec. Transferidas. Rep.25 &#8211; Esc. Sec. Tranf. Rep. 26 Esc. Sec Transf. Rep. 27)<\/p>\n\n\n\n<p>&nbsp;-DEFENSOR\u00cdA DEL PUEBLO<\/p>\n\n\n\n<p>&nbsp;-INSTITUTO PROVINCIAL DE LUCHA CONTRA EL ALCOHOLISMO<\/p>\n\n\n\n<p>-TRIBUNAL DE CUENTAS<\/p>\n\n\n\n<p>-TRIBUNAL FISCAL DE APELACI\u00d3N<\/p>\n\n\n\n<p>-PODER LEGISLATIVO<\/p>\n\n\n\n<p>-JUBILADOS FUERA DE CONVENIO<\/p>\n\n\n\n<p>-RENTA VITALICIA-HEROES DE MALVINAS<\/p>\n\n\n\n<p>-ASIGNACIONES Ex-EMPLEADOS TALLERES DE TAFI VIEJO<\/p>\n\n\n\n<p>-SEGURIDAD (Dpto. Gral. de Polic\u00eda &#8211; Direc. Gral. de Institutos Penales)<\/p>\n\n\n\n<h3 class=\"wp-block-heading\">S\u00e1bado 4 de octubre<\/h3>\n\n\n\n<p>&#8211; COMUNAS RURALES<\/p>\n\n\n\n<p>&#8211; MUNICIPIOS DEL INTERIOR<\/p>\n\n\n\n<p>-PODER JUDICIAL (Ctro. Jud. Concepci\u00f3n-Ctro. Judicial Monteros-Corte Suprema de Just.-Just. Paz Legal)<\/p>\n\n\n\n<p>-MINISTERIO P\u00daBLICO FISCAL<\/p>\n\n\n\n<p>-MINISTERIO PUPILAR Y DE LA DEFENSA<\/p>\n\n\n\n<p>-DIRECCI\u00d3N RECURSOS H\u00cdDRICOS<\/p>\n\n\n\n<p>-ENTE AUT\u00c1RQUICO TUCUM\u00c1N TURISMO<\/p>\n\n\n\n<p>-ENTE CULTURAL DE TUCUM\u00c1N<\/p>\n\n\n\n<p>-INSTITUTO PROVINCIAL ACCI\u00d3N COOPERATIVA Y MUTUAL (I.P.A.C.Y.M.)<\/p>\n\n\n\n<p>-SERVICIO PROVINCIAL DE AGUA POTABLE Y SANEAMIENTO (S.E.P.A.P.Y.S.)<\/p>\n\n\n\n<p>-ENTE \u00daNICO DE REG. DE SERVIC. PUB. PCIAL. (E.R.S.E.P.T.)<\/p>\n\n\n\n<p>-INSTITUTO DESARROLLO PRODUCTIVO<\/p>\n\n\n\n<p>-ENTE INFRAESTRUCTURA COMUNITARIA<\/p>\n\n\n\n<p>-INST. PROMOCI\u00d3N DEL AZ\u00daCAR Y ALCOHOL<\/p>\n\n\n\n<p>-ENTE AUTARQ. TEATRO MERCEDES SOSA<\/p>\n\n\n\n<p>-EDUCACI\u00d3N ESTABLECIMIENTOS P\u00daBLICOS DE GESTI\u00d3N PRIVADAS (Privados Primarios, Secundarios,<\/p>\n\n\n\n<p>Terciarios Transferidos)<\/p>\n","protected":false},"excerpt":{"rendered":"<p>De acuerdo a lo establecido por Tesorer\u00eda de la Provincia, la parte complementar\u00eda se efectuar\u00eda&#8230;<\/p>\n","protected":false},"author":2,"featured_media":0,"comment_status":"open","ping_status":"open","sticky":false,"template":"","format":"standard","meta":{"footnotes":""},"categories":[2],"tags":[],"class_list":["post-47399","post","type-post","status-publish","format-standard","hentry","category-locales"],"_links":{"self":[{"href":"https:\/\/masquenoticiastucuman.com.ar\/index.php?rest_route=\/wp\/v2\/posts\/47399","targetHints":{"allow":["GET"]}}],"collection":[{"href":"https:\/\/masquenoticiastucuman.com.ar\/index.php?rest_route=\/wp\/v2\/posts"}],"about":[{"href":"https:\/\/masquenoticiastucuman.com.ar\/index.php?rest_route=\/wp\/v2\/types\/post"}],"author":[{"embeddable":true,"href":"https:\/\/masquenoticiastucuman.com.ar\/index.php?rest_route=\/wp\/v2\/users\/2"}],"replies":[{"embeddable":true,"href":"https:\/\/masquenoticiastucuman.com.ar\/index.php?rest_route=%2Fwp%2Fv2%2Fcomments&post=47399"}],"version-history":[{"count":1,"href":"https:\/\/masquenoticiastucuman.com.ar\/index.php?rest_route=\/wp\/v2\/posts\/47399\/revisions"}],"predecessor-version":[{"id":47401,"href":"https:\/\/masquenoticiastucuman.com.ar\/index.php?rest_route=\/wp\/v2\/posts\/47399\/revisions\/47401"}],"wp:attachment":[{"href":"https:\/\/masquenoticiastucuman.com.ar\/index.php?rest_route=%2Fwp%2Fv2%2Fmedia&parent=47399"}],"wp:term":[{"taxonomy":"category","embeddable":true,"href":"https:\/\/masquenoticiastucuman.com.ar\/index.php?rest_route=%2Fwp%2Fv2%2Fcategories&post=47399"},{"taxonomy":"post_tag","embeddable":true,"href":"https:\/\/masquenoticiastucuman.com.ar\/index.php?rest_route=%2Fwp%2Fv2%2Ftags&post=47399"}],"curies":[{"name":"wp","href":"https:\/\/api.w.org\/{rel}","templated":true}]}}