{"id":47402,"date":"2025-09-30T08:47:08","date_gmt":"2025-09-30T11:47:08","guid":{"rendered":"https:\/\/masquenoticiastucuman.com.ar\/?p=47402"},"modified":"2025-09-30T10:11:39","modified_gmt":"2025-09-30T13:11:39","slug":"la-policia-de-tucuman-secuestro-60-kilos-de-marihuana","status":"publish","type":"post","link":"https:\/\/masquenoticiastucuman.com.ar\/?p=47402","title":{"rendered":"La Polic\u00eda de Tucum\u00e1n secuestr\u00f3 60 kilos de marihuana"},"content":{"rendered":"\n<p>Hay por lo menos cuatro personas detenidas. La sustancia prohibida iba en panes que estaban ocultos en el interior de un cami\u00f3n que fue interceptado en una estaci\u00f3n de servicio tranque\u00f1a.<\/p>\n\n\n\n<p id=\"isPasted\">Personal de la Comisar\u00eda de Trancas logr\u00f3 esta ma\u00f1ana el secuestro de<strong>&nbsp;60 kilos de droga&nbsp;<\/strong>y la aprehensi\u00f3n de por lo menos cuatro&nbsp;<strong>personas&nbsp;<\/strong>durante un control de rutina. El operativo estuvo supervisado por el jefe de la Unidad Regional Norte, comisario mayor,&nbsp;<strong>Gustavo Beltr\u00e1n.<\/strong><\/p>\n\n\n\n<p>Los efectivos intervinientes valuaron lo secuestrado en unos 70 millones de pesos. La sustancia estaba oculta en un cami\u00f3n que hab\u00eda sido denunciado como robado. El veh\u00edculo fue interceptado en una estaci\u00f3n de servicio en la Ruta Nacional N\u00b0 9. En este procedimiento fueron detenidos cuatro hombres y una mujer. Un equipo de la Direcci\u00f3n Drogas Peligrosas Norte intervino para incautar la sustancia luego de realizar la prueba de campo correspondiente para dar certeza de que se trataba de la sustancia prohibida.<\/p>\n\n\n\n<h3 class=\"wp-block-heading\">Todos tucumanos<\/h3>\n\n\n\n<p id=\"isPasted\">El jefe de Polic\u00eda,&nbsp;<strong>Joaqu\u00edn Girvau<\/strong>&nbsp;sostuvo en di\u00e1logo con LV12 que &#8220;el Juzgado Federal tomar\u00e1 intervenci\u00f3n para determinar en qu\u00e9 calidad van a quedar pero seguramente incomunicados y detenidos, por la cantidad de droga&#8221;.<\/p>\n\n\n\n<p>Girvau inform\u00f3 que &#8220;secuestraron su tel\u00e9fonos celulares y todos son oriundos de la provincia&#8221;. Por \u00faltimo, dijo que &#8220;preocupa el alto nivel de secuestro de droga que hay pero tambi\u00e9n hay que ocuparse. Tenemos que intensificar los controles en las rutas e ingresos a la provincia. Estamos llegando con personal y equipamiento a las ciudades y pueblos para combatir este flagelo. Todos los d\u00edas la Polic\u00eda hace operativos por narcomenudeo&#8221;.<\/p>\n","protected":false},"excerpt":{"rendered":"<p>Hay por lo menos cuatro personas detenidas. La sustancia prohibida iba en panes que estaban&#8230;<\/p>\n","protected":false},"author":2,"featured_media":0,"comment_status":"open","ping_status":"open","sticky":false,"template":"","format":"standard","meta":{"footnotes":""},"categories":[2],"tags":[],"class_list":["post-47402","post","type-post","status-publish","format-standard","hentry","category-locales"],"_links":{"self":[{"href":"https:\/\/masquenoticiastucuman.com.ar\/index.php?rest_route=\/wp\/v2\/posts\/47402","targetHints":{"allow":["GET"]}}],"collection":[{"href":"https:\/\/masquenoticiastucuman.com.ar\/index.php?rest_route=\/wp\/v2\/posts"}],"about":[{"href":"https:\/\/masquenoticiastucuman.com.ar\/index.php?rest_route=\/wp\/v2\/types\/post"}],"author":[{"embeddable":true,"href":"https:\/\/masquenoticiastucuman.com.ar\/index.php?rest_route=\/wp\/v2\/users\/2"}],"replies":[{"embeddable":true,"href":"https:\/\/masquenoticiastucuman.com.ar\/index.php?rest_route=%2Fwp%2Fv2%2Fcomments&post=47402"}],"version-history":[{"count":3,"href":"https:\/\/masquenoticiastucuman.com.ar\/index.php?rest_route=\/wp\/v2\/posts\/47402\/revisions"}],"predecessor-version":[{"id":47414,"href":"https:\/\/masquenoticiastucuman.com.ar\/index.php?rest_route=\/wp\/v2\/posts\/47402\/revisions\/47414"}],"wp:attachment":[{"href":"https:\/\/masquenoticiastucuman.com.ar\/index.php?rest_route=%2Fwp%2Fv2%2Fmedia&parent=47402"}],"wp:term":[{"taxonomy":"category","embeddable":true,"href":"https:\/\/masquenoticiastucuman.com.ar\/index.php?rest_route=%2Fwp%2Fv2%2Fcategories&post=47402"},{"taxonomy":"post_tag","embeddable":true,"href":"https:\/\/masquenoticiastucuman.com.ar\/index.php?rest_route=%2Fwp%2Fv2%2Ftags&post=47402"}],"curies":[{"name":"wp","href":"https:\/\/api.w.org\/{rel}","templated":true}]}}