{"id":47445,"date":"2025-09-30T15:01:03","date_gmt":"2025-09-30T18:01:03","guid":{"rendered":"http:\/\/masquenoticiastucuman.com.ar\/?p=47445"},"modified":"2025-09-30T15:01:03","modified_gmt":"2025-09-30T18:01:03","slug":"agustin-marchesin-quedo-bajo-la-lupa-en-boca-tras-otra-floja-tarea-del-reto-de-paredes-a-la-reaparicion-de-chiquito-romero-en-un-video-viral","status":"publish","type":"post","link":"https:\/\/masquenoticiastucuman.com.ar\/?p=47445","title":{"rendered":"Agust\u00edn Marches\u00edn qued\u00f3 bajo la lupa en Boca tras otra floja tarea: del reto de Paredes a la reaparici\u00f3n de Chiquito Romero en un video viral"},"content":{"rendered":"<ul>\n<li>El arquero de 37 a\u00f1os mostr\u00f3 un bajo nivel el \u00faltimo s\u00e1bado ante Defensa y Justicia.<\/li>\n<li>El capit\u00e1n lo cruz\u00f3 en pleno partido y lo dej\u00f3 expuesto en las redes sociales.<\/li>\n<li>Para colmo, este lunes apareci\u00f3 Chiquito Romero.<\/li>\n<\/ul>","protected":false},"excerpt":{"rendered":"<p>El arquero de 37 a\u00f1os mostr\u00f3 un bajo nivel el \u00faltimo s\u00e1bado ante Defensa y&#8230;<\/p>\n","protected":false},"author":1,"featured_media":0,"comment_status":"open","ping_status":"open","sticky":false,"template":"","format":"standard","meta":{"footnotes":""},"categories":[6],"tags":[],"class_list":["post-47445","post","type-post","status-publish","format-standard","hentry","category-deportes"],"_links":{"self":[{"href":"https:\/\/masquenoticiastucuman.com.ar\/index.php?rest_route=\/wp\/v2\/posts\/47445","targetHints":{"allow":["GET"]}}],"collection":[{"href":"https:\/\/masquenoticiastucuman.com.ar\/index.php?rest_route=\/wp\/v2\/posts"}],"about":[{"href":"https:\/\/masquenoticiastucuman.com.ar\/index.php?rest_route=\/wp\/v2\/types\/post"}],"author":[{"embeddable":true,"href":"https:\/\/masquenoticiastucuman.com.ar\/index.php?rest_route=\/wp\/v2\/users\/1"}],"replies":[{"embeddable":true,"href":"https:\/\/masquenoticiastucuman.com.ar\/index.php?rest_route=%2Fwp%2Fv2%2Fcomments&post=47445"}],"version-history":[{"count":0,"href":"https:\/\/masquenoticiastucuman.com.ar\/index.php?rest_route=\/wp\/v2\/posts\/47445\/revisions"}],"wp:attachment":[{"href":"https:\/\/masquenoticiastucuman.com.ar\/index.php?rest_route=%2Fwp%2Fv2%2Fmedia&parent=47445"}],"wp:term":[{"taxonomy":"category","embeddable":true,"href":"https:\/\/masquenoticiastucuman.com.ar\/index.php?rest_route=%2Fwp%2Fv2%2Fcategories&post=47445"},{"taxonomy":"post_tag","embeddable":true,"href":"https:\/\/masquenoticiastucuman.com.ar\/index.php?rest_route=%2Fwp%2Fv2%2Ftags&post=47445"}],"curies":[{"name":"wp","href":"https:\/\/api.w.org\/{rel}","templated":true}]}}