{"id":47451,"date":"2025-09-30T16:01:03","date_gmt":"2025-09-30T19:01:03","guid":{"rendered":"http:\/\/masquenoticiastucuman.com.ar\/?p=47451"},"modified":"2025-09-30T16:01:03","modified_gmt":"2025-09-30T19:01:03","slug":"picante-contra-la-casta-sturzenegger-celebro-la-apertura-del-mercado-de-vacunas-anti-aftosa","status":"publish","type":"post","link":"https:\/\/masquenoticiastucuman.com.ar\/?p=47451","title":{"rendered":"Picante contra &#8220;la casta&#8221;, Sturzenegger celebr\u00f3 la apertura del mercado de vacunas anti aftosa"},"content":{"rendered":"<ul>\n<li>El Ministro asegur\u00f3 que la medida permitir\u00e1 un fuerte ahorro para productores y consumidores. <\/li>\n<li>Habl\u00f3 de un exceso de pago de 4.000 millones de d\u00f3lares desde 2001.<\/li>\n<\/ul>","protected":false},"excerpt":{"rendered":"<p>El Ministro asegur\u00f3 que la medida permitir\u00e1 un fuerte ahorro para productores y consumidores. Habl\u00f3&#8230;<\/p>\n","protected":false},"author":1,"featured_media":0,"comment_status":"open","ping_status":"open","sticky":false,"template":"","format":"standard","meta":{"footnotes":""},"categories":[],"tags":[],"class_list":["post-47451","post","type-post","status-publish","format-standard","hentry"],"_links":{"self":[{"href":"https:\/\/masquenoticiastucuman.com.ar\/index.php?rest_route=\/wp\/v2\/posts\/47451","targetHints":{"allow":["GET"]}}],"collection":[{"href":"https:\/\/masquenoticiastucuman.com.ar\/index.php?rest_route=\/wp\/v2\/posts"}],"about":[{"href":"https:\/\/masquenoticiastucuman.com.ar\/index.php?rest_route=\/wp\/v2\/types\/post"}],"author":[{"embeddable":true,"href":"https:\/\/masquenoticiastucuman.com.ar\/index.php?rest_route=\/wp\/v2\/users\/1"}],"replies":[{"embeddable":true,"href":"https:\/\/masquenoticiastucuman.com.ar\/index.php?rest_route=%2Fwp%2Fv2%2Fcomments&post=47451"}],"version-history":[{"count":0,"href":"https:\/\/masquenoticiastucuman.com.ar\/index.php?rest_route=\/wp\/v2\/posts\/47451\/revisions"}],"wp:attachment":[{"href":"https:\/\/masquenoticiastucuman.com.ar\/index.php?rest_route=%2Fwp%2Fv2%2Fmedia&parent=47451"}],"wp:term":[{"taxonomy":"category","embeddable":true,"href":"https:\/\/masquenoticiastucuman.com.ar\/index.php?rest_route=%2Fwp%2Fv2%2Fcategories&post=47451"},{"taxonomy":"post_tag","embeddable":true,"href":"https:\/\/masquenoticiastucuman.com.ar\/index.php?rest_route=%2Fwp%2Fv2%2Ftags&post=47451"}],"curies":[{"name":"wp","href":"https:\/\/api.w.org\/{rel}","templated":true}]}}