{"id":47486,"date":"2025-09-30T22:01:02","date_gmt":"2025-10-01T01:01:02","guid":{"rendered":"http:\/\/masquenoticiastucuman.com.ar\/?p=47486"},"modified":"2025-09-30T22:01:02","modified_gmt":"2025-10-01T01:01:02","slug":"la-scaloneta-brillo-en-la-champions-11-titulares-goles-importantes-ausencias-por-lesion-y-mvp-para-julian-alvarez-en-atletico-de-madrid","status":"publish","type":"post","link":"https:\/\/masquenoticiastucuman.com.ar\/?p=47486","title":{"rendered":"La Scaloneta brill\u00f3 en la Champions: 11 titulares, goles importantes, ausencias por lesi\u00f3n y MVP para Juli\u00e1n \u00c1lvarez en Atl\u00e9tico de Madrid"},"content":{"rendered":"<ul>\n<li>Adem\u00e1s del Ara\u00f1a, convirtieron Giuliano Simeone en el Colchonero y un doblete de Lautaro Mart\u00ednez para el Inter de Italia.<\/li>\n<li>El an\u00e1lisis de cada actuaci\u00f3n individual en el m\u00e1ximo torneo de Europa.<\/li>\n<\/ul>","protected":false},"excerpt":{"rendered":"<p>Adem\u00e1s del Ara\u00f1a, convirtieron Giuliano Simeone en el Colchonero y un doblete de Lautaro Mart\u00ednez&#8230;<\/p>\n","protected":false},"author":1,"featured_media":0,"comment_status":"open","ping_status":"open","sticky":false,"template":"","format":"standard","meta":{"footnotes":""},"categories":[6],"tags":[],"class_list":["post-47486","post","type-post","status-publish","format-standard","hentry","category-deportes"],"_links":{"self":[{"href":"https:\/\/masquenoticiastucuman.com.ar\/index.php?rest_route=\/wp\/v2\/posts\/47486","targetHints":{"allow":["GET"]}}],"collection":[{"href":"https:\/\/masquenoticiastucuman.com.ar\/index.php?rest_route=\/wp\/v2\/posts"}],"about":[{"href":"https:\/\/masquenoticiastucuman.com.ar\/index.php?rest_route=\/wp\/v2\/types\/post"}],"author":[{"embeddable":true,"href":"https:\/\/masquenoticiastucuman.com.ar\/index.php?rest_route=\/wp\/v2\/users\/1"}],"replies":[{"embeddable":true,"href":"https:\/\/masquenoticiastucuman.com.ar\/index.php?rest_route=%2Fwp%2Fv2%2Fcomments&post=47486"}],"version-history":[{"count":0,"href":"https:\/\/masquenoticiastucuman.com.ar\/index.php?rest_route=\/wp\/v2\/posts\/47486\/revisions"}],"wp:attachment":[{"href":"https:\/\/masquenoticiastucuman.com.ar\/index.php?rest_route=%2Fwp%2Fv2%2Fmedia&parent=47486"}],"wp:term":[{"taxonomy":"category","embeddable":true,"href":"https:\/\/masquenoticiastucuman.com.ar\/index.php?rest_route=%2Fwp%2Fv2%2Fcategories&post=47486"},{"taxonomy":"post_tag","embeddable":true,"href":"https:\/\/masquenoticiastucuman.com.ar\/index.php?rest_route=%2Fwp%2Fv2%2Ftags&post=47486"}],"curies":[{"name":"wp","href":"https:\/\/api.w.org\/{rel}","templated":true}]}}