{"id":47492,"date":"2025-10-01T00:01:02","date_gmt":"2025-10-01T03:01:02","guid":{"rendered":"http:\/\/masquenoticiastucuman.com.ar\/?p=47492"},"modified":"2025-10-01T00:01:02","modified_gmt":"2025-10-01T03:01:02","slug":"asi-estan-las-tablas-de-la-liga-profesional-se-cerro-la-fecha-10-con-lideres-inesperados-definicion-para-los-playoffs-las-copas-y-el-descenso","status":"publish","type":"post","link":"https:\/\/masquenoticiastucuman.com.ar\/?p=47492","title":{"rendered":"As\u00ed est\u00e1n las tablas de la Liga Profesional: se cerr\u00f3 la fecha 10 con l\u00edderes inesperados, definici\u00f3n para los playoffs, las copas y el descenso"},"content":{"rendered":"<ul>\n<li>La clasificaci\u00f3n a la Copa Libertadores 2026 est\u00e1 en llamas.<\/li>\n<li>Central es l\u00edder de la tabla anual y Boca se queda afuera de la Libertadores.<\/li>\n<\/ul>","protected":false},"excerpt":{"rendered":"<p>La clasificaci\u00f3n a la Copa Libertadores 2026 est\u00e1 en llamas. Central es l\u00edder de la&#8230;<\/p>\n","protected":false},"author":1,"featured_media":0,"comment_status":"open","ping_status":"open","sticky":false,"template":"","format":"standard","meta":{"footnotes":""},"categories":[6],"tags":[],"class_list":["post-47492","post","type-post","status-publish","format-standard","hentry","category-deportes"],"_links":{"self":[{"href":"https:\/\/masquenoticiastucuman.com.ar\/index.php?rest_route=\/wp\/v2\/posts\/47492","targetHints":{"allow":["GET"]}}],"collection":[{"href":"https:\/\/masquenoticiastucuman.com.ar\/index.php?rest_route=\/wp\/v2\/posts"}],"about":[{"href":"https:\/\/masquenoticiastucuman.com.ar\/index.php?rest_route=\/wp\/v2\/types\/post"}],"author":[{"embeddable":true,"href":"https:\/\/masquenoticiastucuman.com.ar\/index.php?rest_route=\/wp\/v2\/users\/1"}],"replies":[{"embeddable":true,"href":"https:\/\/masquenoticiastucuman.com.ar\/index.php?rest_route=%2Fwp%2Fv2%2Fcomments&post=47492"}],"version-history":[{"count":0,"href":"https:\/\/masquenoticiastucuman.com.ar\/index.php?rest_route=\/wp\/v2\/posts\/47492\/revisions"}],"wp:attachment":[{"href":"https:\/\/masquenoticiastucuman.com.ar\/index.php?rest_route=%2Fwp%2Fv2%2Fmedia&parent=47492"}],"wp:term":[{"taxonomy":"category","embeddable":true,"href":"https:\/\/masquenoticiastucuman.com.ar\/index.php?rest_route=%2Fwp%2Fv2%2Fcategories&post=47492"},{"taxonomy":"post_tag","embeddable":true,"href":"https:\/\/masquenoticiastucuman.com.ar\/index.php?rest_route=%2Fwp%2Fv2%2Ftags&post=47492"}],"curies":[{"name":"wp","href":"https:\/\/api.w.org\/{rel}","templated":true}]}}