{"id":47510,"date":"2025-10-01T07:02:54","date_gmt":"2025-10-01T10:02:54","guid":{"rendered":"https:\/\/masquenoticiastucuman.com.ar\/?p=47510"},"modified":"2025-10-01T07:02:55","modified_gmt":"2025-10-01T10:02:55","slug":"el-ministro-medina-ruiz-participo-del-50-aniversario-de-la-fundacion-favaloro","status":"publish","type":"post","link":"https:\/\/masquenoticiastucuman.com.ar\/?p=47510","title":{"rendered":"El ministro Medina Ruiz particip\u00f3 del 50\u00b0 aniversario de la Fundaci\u00f3n Favaloro"},"content":{"rendered":"\n<p>La jornada se celebr\u00f3 en el marco del D\u00eda Mundial del Coraz\u00f3n.<\/p>\n\n\n\n<p id=\"isPasted\">El ministro de Salud P\u00fablica, doctor&nbsp;<strong>Luis Medina Ruiz<\/strong>, particip\u00f3 de la ceremonia por el 50\u00b0 aniversario de la Fundaci\u00f3n Favaloro, que se realiz\u00f3 en el Teatro Col\u00f3n de Buenos Aires, como \u00fanico representante de Tucum\u00e1n.<\/p>\n\n\n\n<p>\u201cTuve el honor de haber sido invitado a la gala para recaudar fondos para la Fundaci\u00f3n en homenaje al doctor&nbsp;<strong>Ren\u00e9 Favaloro<\/strong>&nbsp;y pude ver un despliegue impresionante de profesionales y de p\u00fablico en general que apoya la labor que realizan desde la fundaci\u00f3n y por supuesto que resaltan la figura de Favaloro en la medicina mundial. \u00c9l es uno de nuestros pr\u00f3ceres y dej\u00f3 un legado tan importante como el bypass, por el que millones de personas hoy se ven beneficiadas\u201d, manifest\u00f3 el titular de la cartera sanitaria local.<\/p>\n\n\n\n<figure class=\"wp-block-image size-large\"><img decoding=\"async\" src=\"https:\/\/masquenoticiastucuman.com.ar\/wp-content\/uploads\/2025\/10\/250930102201_42178-1-1024x683.jpg\" alt=\"\" class=\"wp-image-47511\" \/><\/figure>\n\n\n\n<p>Siguiendo esta l\u00ednea Medina Ruiz hizo hincapi\u00e9 en que, en el evento, se cont\u00f3 adem\u00e1s con la presencia del doctor&nbsp;<strong>Luis de la Fuente<\/strong>, m\u00e9dico riojano a quien defini\u00f3 como otro pr\u00f3cer de la medicina, que logr\u00f3 evolucionar en forma significativa la angioplastia, otra estrategia que permite desobstruir una arteria: \u201cOtro argentino, el doctor&nbsp;<strong>Julio Palmaz<\/strong>, invent\u00f3 el stent. Ayer el homenaje m\u00e1s significativo fue a la figura de Ren\u00e9 Favaloro, a su trayectoria, a esa decisi\u00f3n de hacer una patria mejor y hoy es el d\u00eda del coraz\u00f3n, una fecha justa para resaltar a las grandes figuras de nuestra Argentina\u201d.<\/p>\n\n\n\n<p>En contexto de conmemorarse el D\u00eda Mundial del Coraz\u00f3n el funcionario enfatiz\u00f3 el rol esencial que cumple la prevenci\u00f3n de las enfermedades cardiovasculares: \u201cLos avances de la medicina se reflejan en las \u00e1reas de cardiolog\u00eda y neurolog\u00eda, en la prevenci\u00f3n y el tratamiento. Hoy con un medicamento trombol\u00edtico, podemos desobstruir la arteria de una persona que tiene un infarto agudo de miocardio y salvar su vida, hay muchas estrategias para mejorar las condiciones de vida de la poblaci\u00f3n\u201d.<\/p>\n\n\n\n<p>Las enfermedades cardiovasculares y cerebrovasculares son la primera causa de muerte a nivel mundial. La prevenci\u00f3n empieza por mantener una alimentaci\u00f3n saludable, por la pr\u00e1ctica de actividad f\u00edsica peri\u00f3dica, con la disminuci\u00f3n de la sal en las comidas, evitando fumar y realizando chequeos de salud que permitan evaluar si hay hipertensi\u00f3n arterial, diabetes, colesterol elevado, entre otros factores de riesgo.&nbsp;<\/p>\n\n\n\n<p>\u201cEl cigarrillo es un factor de riesgo tan potente como tener diabetes o hipertensi\u00f3n arterial. Por lo tanto, hoy son d\u00edas en los que cada uno de nosotros tiene que evaluarse, saber cu\u00e1ndo me hice el \u00faltimo chequeo, cu\u00e1ndo me corresponder\u00eda uno nuevo y aquellas personas que tienen hipertensi\u00f3n arterial, deben controlarse adecuadamente, tomar sus medicamentos en tiempo y forma, todos los d\u00edas. Enfermedades silenciosas como la hipertensi\u00f3n arterial y la diabetes generan problemas card\u00edacos y para eso sirve tambi\u00e9n el D\u00eda Mundial del Coraz\u00f3n, justamente para concientizar y prevenir las enfermedades card\u00edacas\u201d, concluy\u00f3.<\/p>\n","protected":false},"excerpt":{"rendered":"<p>La jornada se celebr\u00f3 en el marco del D\u00eda Mundial del Coraz\u00f3n. El ministro de&#8230;<\/p>\n","protected":false},"author":2,"featured_media":0,"comment_status":"open","ping_status":"open","sticky":false,"template":"","format":"standard","meta":{"footnotes":""},"categories":[2],"tags":[],"class_list":["post-47510","post","type-post","status-publish","format-standard","hentry","category-locales"],"_links":{"self":[{"href":"https:\/\/masquenoticiastucuman.com.ar\/index.php?rest_route=\/wp\/v2\/posts\/47510","targetHints":{"allow":["GET"]}}],"collection":[{"href":"https:\/\/masquenoticiastucuman.com.ar\/index.php?rest_route=\/wp\/v2\/posts"}],"about":[{"href":"https:\/\/masquenoticiastucuman.com.ar\/index.php?rest_route=\/wp\/v2\/types\/post"}],"author":[{"embeddable":true,"href":"https:\/\/masquenoticiastucuman.com.ar\/index.php?rest_route=\/wp\/v2\/users\/2"}],"replies":[{"embeddable":true,"href":"https:\/\/masquenoticiastucuman.com.ar\/index.php?rest_route=%2Fwp%2Fv2%2Fcomments&post=47510"}],"version-history":[{"count":1,"href":"https:\/\/masquenoticiastucuman.com.ar\/index.php?rest_route=\/wp\/v2\/posts\/47510\/revisions"}],"predecessor-version":[{"id":47513,"href":"https:\/\/masquenoticiastucuman.com.ar\/index.php?rest_route=\/wp\/v2\/posts\/47510\/revisions\/47513"}],"wp:attachment":[{"href":"https:\/\/masquenoticiastucuman.com.ar\/index.php?rest_route=%2Fwp%2Fv2%2Fmedia&parent=47510"}],"wp:term":[{"taxonomy":"category","embeddable":true,"href":"https:\/\/masquenoticiastucuman.com.ar\/index.php?rest_route=%2Fwp%2Fv2%2Fcategories&post=47510"},{"taxonomy":"post_tag","embeddable":true,"href":"https:\/\/masquenoticiastucuman.com.ar\/index.php?rest_route=%2Fwp%2Fv2%2Ftags&post=47510"}],"curies":[{"name":"wp","href":"https:\/\/api.w.org\/{rel}","templated":true}]}}