{"id":47524,"date":"2025-10-01T09:23:12","date_gmt":"2025-10-01T12:23:12","guid":{"rendered":"https:\/\/masquenoticiastucuman.com.ar\/?p=47524"},"modified":"2025-10-01T09:23:13","modified_gmt":"2025-10-01T12:23:13","slug":"desde-manana-se-completa-el-pago-del-sueldo-de-septiembre","status":"publish","type":"post","link":"https:\/\/masquenoticiastucuman.com.ar\/?p=47524","title":{"rendered":"Desde ma\u00f1ana se completa el pago del sueldo de septiembre"},"content":{"rendered":"\n<p>De acuerdo a lo establecido por Tesorer\u00eda de la Provincia, la parte complementar\u00eda comenzar\u00e1 con trabajadores del Sistema Provincial de Salud, entre otros<\/p>\n\n\n\n<p>De acuerdo a lo estipulado por la Tesorer\u00eda de la Provincia, repartici\u00f3n que pertenece a la Secretar\u00eda de Hacienda, organismo del ministerio de Econom\u00eda y Producci\u00f3n, contin\u00faa el pago del sueldo de septiembre para los trabajadores de los tres poderes del Estado<\/p>\n\n\n\n<p>Parte complementaria<\/p>\n\n\n\n<p><strong>Jueves 2 de octubre<\/strong><\/p>\n\n\n\n<p>-SISTEMA PROVINCIAL DE SALUD (SI.PRO.SA.)<\/p>\n\n\n\n<p>-INSTITUTO PROVINCIAL DE LA VIVIENDA<\/p>\n\n\n\n<p>-INSTITUTO DE PREVISI\u00d3N Y SEGURIDAD SOCIAL DE TUCUM\u00c1N<\/p>\n\n\n\n<p>-ESTACI\u00d3N EXPERIMENTAL AGROINDUSTRIAL OBISPO COLOMBRES<\/p>\n\n\n\n<p>-SOCIEDAD AGUAS DEL TUCUM\u00c1N<\/p>\n\n\n\n<p>-DIRECCI\u00d3N PROVINCIAL DE VIALIDAD (D.P.V.)<\/p>\n\n\n\n<p><strong>Viernes 3 de octubre<\/strong><\/p>\n\n\n\n<p>-ADMINISTRACI\u00d3N CENTRAL<\/p>\n\n\n\n<p>-EDUCACI\u00d3N ESTABLEC. PROVINCIALES -(Esc. Provinciales.-Rep.18 &#8211; Esc. Sec. Transferidas. Rep.25 &#8211; Esc. Sec. Tranf. Rep. 26 Esc. Sec Transf. Rep. 27)<\/p>\n\n\n\n<p>-DEFENSOR\u00cdA DEL PUEBLO<\/p>\n\n\n\n<p>-INSTITUTO PROVINCIAL DE LUCHA CONTRA EL ALCOHOLISMO<\/p>\n\n\n\n<p>-TRIBUNAL DE CUENTAS<\/p>\n\n\n\n<p>-TRIBUNAL FISCAL DE APELACI\u00d3N<\/p>\n\n\n\n<p>-PODER LEGISLATIVO<\/p>\n\n\n\n<p>-JUBILADOS FUERA DE CONVENIO<\/p>\n\n\n\n<p>-RENTA VITALICIA-HEROES DE MALVINAS<\/p>\n\n\n\n<p>-ASIGNACIONES Ex-EMPLEADOS TALLERES DE TAFI VIEJO<\/p>\n\n\n\n<p>-SEGURIDAD (Dpto. Gral. de Polic\u00eda &#8211; Direc. Gral. de Institutos Penales)<\/p>\n\n\n\n<p><strong>S\u00e1bado 4 de octubre<\/strong><\/p>\n\n\n\n<p>&#8211; COMUNAS RURALES<\/p>\n\n\n\n<p>&#8211; MUNICIPIOS DEL INTERIOR<\/p>\n\n\n\n<p>-PODER JUDICIAL (Ctro. Jud. Concepci\u00f3n-Ctro. Judicial Monteros-Corte Suprema de Just.-Just. Paz Legal)<\/p>\n\n\n\n<p>-MINISTERIO P\u00daBLICO FISCAL<\/p>\n\n\n\n<p>-MINISTERIO PUPILAR Y DE LA DEFENSA<\/p>\n\n\n\n<p>-DIRECCI\u00d3N RECURSOS H\u00cdDRICOS<\/p>\n\n\n\n<p>-ENTE AUT\u00c1RQUICO TUCUM\u00c1N TURISMO<\/p>\n\n\n\n<p>-ENTE CULTURAL DE TUCUM\u00c1N<\/p>\n\n\n\n<p>-INSTITUTO PROVINCIAL ACCI\u00d3N COOPERATIVA Y MUTUAL (I.P.A.C.Y.M.)<\/p>\n\n\n\n<p>-SERVICIO PROVINCIAL DE AGUA POTABLE Y SANEAMIENTO (S.E.P.A.P.Y.S.)<\/p>\n\n\n\n<p>-ENTE \u00daNICO DE REG. DE SERVIC. PUB. PCIAL. (E.R.S.E.P.T.)<\/p>\n\n\n\n<p>-INSTITUTO DESARROLLO PRODUCTIVO<\/p>\n\n\n\n<p>-ENTE INFRAESTRUCTURA COMUNITARIA<\/p>\n\n\n\n<p>-INST. PROMOCI\u00d3N DEL AZ\u00daCAR Y ALCOHOL<\/p>\n\n\n\n<p>-ENTE AUTARQ. TEATRO MERCEDES SOSA<\/p>\n\n\n\n<p>-EDUCACI\u00d3N ESTABLECIMIENTOS P\u00daBLICOS DE GESTI\u00d3N PRIVADAS (Privados Primarios, Secundarios,<\/p>\n\n\n\n<p>Terciarios Transferidos)<\/p>\n","protected":false},"excerpt":{"rendered":"<p>De acuerdo a lo establecido por Tesorer\u00eda de la Provincia, la parte complementar\u00eda comenzar\u00e1 con&#8230;<\/p>\n","protected":false},"author":2,"featured_media":0,"comment_status":"open","ping_status":"open","sticky":false,"template":"","format":"standard","meta":{"footnotes":""},"categories":[2],"tags":[],"class_list":["post-47524","post","type-post","status-publish","format-standard","hentry","category-locales"],"_links":{"self":[{"href":"https:\/\/masquenoticiastucuman.com.ar\/index.php?rest_route=\/wp\/v2\/posts\/47524","targetHints":{"allow":["GET"]}}],"collection":[{"href":"https:\/\/masquenoticiastucuman.com.ar\/index.php?rest_route=\/wp\/v2\/posts"}],"about":[{"href":"https:\/\/masquenoticiastucuman.com.ar\/index.php?rest_route=\/wp\/v2\/types\/post"}],"author":[{"embeddable":true,"href":"https:\/\/masquenoticiastucuman.com.ar\/index.php?rest_route=\/wp\/v2\/users\/2"}],"replies":[{"embeddable":true,"href":"https:\/\/masquenoticiastucuman.com.ar\/index.php?rest_route=%2Fwp%2Fv2%2Fcomments&post=47524"}],"version-history":[{"count":1,"href":"https:\/\/masquenoticiastucuman.com.ar\/index.php?rest_route=\/wp\/v2\/posts\/47524\/revisions"}],"predecessor-version":[{"id":47526,"href":"https:\/\/masquenoticiastucuman.com.ar\/index.php?rest_route=\/wp\/v2\/posts\/47524\/revisions\/47526"}],"wp:attachment":[{"href":"https:\/\/masquenoticiastucuman.com.ar\/index.php?rest_route=%2Fwp%2Fv2%2Fmedia&parent=47524"}],"wp:term":[{"taxonomy":"category","embeddable":true,"href":"https:\/\/masquenoticiastucuman.com.ar\/index.php?rest_route=%2Fwp%2Fv2%2Fcategories&post=47524"},{"taxonomy":"post_tag","embeddable":true,"href":"https:\/\/masquenoticiastucuman.com.ar\/index.php?rest_route=%2Fwp%2Fv2%2Ftags&post=47524"}],"curies":[{"name":"wp","href":"https:\/\/api.w.org\/{rel}","templated":true}]}}