{"id":47527,"date":"2025-10-01T09:26:19","date_gmt":"2025-10-01T12:26:19","guid":{"rendered":"https:\/\/masquenoticiastucuman.com.ar\/?p=47527"},"modified":"2025-10-01T09:26:20","modified_gmt":"2025-10-01T12:26:20","slug":"aprehenden-a-dos-personas-mas-por-el-tiroteo-en-tafi-viejo","status":"publish","type":"post","link":"https:\/\/masquenoticiastucuman.com.ar\/?p=47527","title":{"rendered":"Aprehenden a dos personas m\u00e1s por el tiroteo en Taf\u00ed Viejo"},"content":{"rendered":"\n<p>B\u00fasqueda y Captura de Pr\u00f3fugos aprehendi\u00f3 a dos personas durante una serie de allanamientos realizados en domicilios de la capital.<\/p>\n\n\n\n<p id=\"isPasted\">Un equipo policial de la Divisi\u00f3n B\u00fasqueda y Captura de Pr\u00f3fugos aprehendi\u00f3 a dos personas durante una serie de allanamientos realizados en domicilios de la capital, en el marco de la investigaci\u00f3n por el tiroteo ocurrido en Taf\u00ed Viejo durante una fiesta.&nbsp;<\/p>\n\n\n\n<p>En ese aspecto, el jefe de la Divisi\u00f3n, comisario&nbsp;<strong>Jorge Romano<\/strong>, explic\u00f3: \u201cEl 21 de septiembre, en Taf\u00ed Viejo se desarrollaba un evento en un sal\u00f3n de fiesta por el D\u00eda de la Primavera. En ese momento, \u201cChucky\u201d Casanova, junto con otras personas efectuaron disparos con un arma de fuego, para luego darse a la fuga\u201d.<\/p>\n\n\n\n<p>Asimismo, agreg\u00f3: \u201cPor este motivo iniciamos una investigaci\u00f3n, la cual deriv\u00f3 en 13 medidas judiciales en diferentes inmuebles. Estas fueron positivas, ya que logramos detener al principal implicado\u201d.&nbsp;<\/p>\n\n\n\n<p>\u201cContinuando con las pesquisas, este martes ingresamos a otras viviendas por disposici\u00f3n de la Justicia, donde secuestramos un arma de fuego, municiones, una r\u00e9plica de pistola, estupefacientes y aprehendimos a dos personas. Una de ellas estaba acusada por un robo\u201d, cerr\u00f3, Romano.&nbsp;<\/p>\n\n\n\n<p><\/p>\n","protected":false},"excerpt":{"rendered":"<p>B\u00fasqueda y Captura de Pr\u00f3fugos aprehendi\u00f3 a dos personas durante una serie de allanamientos realizados&#8230;<\/p>\n","protected":false},"author":2,"featured_media":0,"comment_status":"open","ping_status":"open","sticky":false,"template":"","format":"standard","meta":{"footnotes":""},"categories":[2],"tags":[],"class_list":["post-47527","post","type-post","status-publish","format-standard","hentry","category-locales"],"_links":{"self":[{"href":"https:\/\/masquenoticiastucuman.com.ar\/index.php?rest_route=\/wp\/v2\/posts\/47527","targetHints":{"allow":["GET"]}}],"collection":[{"href":"https:\/\/masquenoticiastucuman.com.ar\/index.php?rest_route=\/wp\/v2\/posts"}],"about":[{"href":"https:\/\/masquenoticiastucuman.com.ar\/index.php?rest_route=\/wp\/v2\/types\/post"}],"author":[{"embeddable":true,"href":"https:\/\/masquenoticiastucuman.com.ar\/index.php?rest_route=\/wp\/v2\/users\/2"}],"replies":[{"embeddable":true,"href":"https:\/\/masquenoticiastucuman.com.ar\/index.php?rest_route=%2Fwp%2Fv2%2Fcomments&post=47527"}],"version-history":[{"count":1,"href":"https:\/\/masquenoticiastucuman.com.ar\/index.php?rest_route=\/wp\/v2\/posts\/47527\/revisions"}],"predecessor-version":[{"id":47529,"href":"https:\/\/masquenoticiastucuman.com.ar\/index.php?rest_route=\/wp\/v2\/posts\/47527\/revisions\/47529"}],"wp:attachment":[{"href":"https:\/\/masquenoticiastucuman.com.ar\/index.php?rest_route=%2Fwp%2Fv2%2Fmedia&parent=47527"}],"wp:term":[{"taxonomy":"category","embeddable":true,"href":"https:\/\/masquenoticiastucuman.com.ar\/index.php?rest_route=%2Fwp%2Fv2%2Fcategories&post=47527"},{"taxonomy":"post_tag","embeddable":true,"href":"https:\/\/masquenoticiastucuman.com.ar\/index.php?rest_route=%2Fwp%2Fv2%2Ftags&post=47527"}],"curies":[{"name":"wp","href":"https:\/\/api.w.org\/{rel}","templated":true}]}}