{"id":47530,"date":"2025-10-01T09:30:11","date_gmt":"2025-10-01T12:30:11","guid":{"rendered":"https:\/\/masquenoticiastucuman.com.ar\/?p=47530"},"modified":"2025-10-01T09:30:12","modified_gmt":"2025-10-01T12:30:12","slug":"el-gobierno-volvio-a-postergar-la-actualizacion-de-los-impuestos-a-los-combustibles","status":"publish","type":"post","link":"https:\/\/masquenoticiastucuman.com.ar\/?p=47530","title":{"rendered":"El Gobierno volvi\u00f3 a postergar la actualizaci\u00f3n de los impuestos a los combustibles"},"content":{"rendered":"\n<p>La medida, formalizada a trav\u00e9s del Decreto 699\/2025, difiere hasta noviembre la aplicaci\u00f3n de los incrementos pendientes en el Impuesto a los Combustibles L\u00edquidos y al Di\u00f3xido de Carbono. El objetivo oficial es sostener la estabilidad de precios y preservar la recuperaci\u00f3n econ\u00f3mica.<\/p>\n\n\n\n<p>El Poder Ejecutivo dispuso una nueva pr\u00f3rroga en la aplicaci\u00f3n de los aumentos previstos para los impuestos a los combustibles. A trav\u00e9s del&nbsp;Decreto 699\/2025, publicado en el Bolet\u00edn Oficial, el presidente&nbsp;<strong>Javier Milei<\/strong>, junto con el jefe de Gabinete,&nbsp;<strong>Guillermo Francos<\/strong>, y el ministro de Econom\u00eda,&nbsp;<strong>Luis Caputo<\/strong>, resolvieron diferir nuevamente la entrada en vigencia de las actualizaciones correspondientes al Impuesto a los Combustibles L\u00edquidos y al Impuesto al Di\u00f3xido de Carbono.<\/p>\n\n\n\n<p>La decisi\u00f3n modifica el Decreto 617\/2025, que hab\u00eda postergado parcialmente la aplicaci\u00f3n de los incrementos pendientes hasta el 1\u00b0 de octubre.&nbsp;<strong>Con la nueva norma, el cronograma se extiende un mes m\u00e1s: los aumentos comenzar\u00e1n a regir reci\u00e9n a partir del 1\u00b0 de noviembre de 2025.<\/strong>&nbsp;De esta manera, el Gobierno busca&nbsp;<strong>evitar un impacto inmediato en los precios de las naftas y el gasoil<\/strong>, dos productos claves en la formaci\u00f3n de costos de toda la econom\u00eda.<\/p>\n\n\n\n<p>El marco legal de estos tributos se encuentra en la Ley 23.966, que establece que&nbsp;<strong>deben actualizarse trimestralmente en funci\u00f3n de la variaci\u00f3n del \u00cdndice de Precios al Consumidor<\/strong>&nbsp;informado por el INDEC. Esa actualizaci\u00f3n autom\u00e1tica rige desde 2018, pero desde entonces los sucesivos gobiernos dispusieron postergaciones para atenuar su traslado directo a los surtidores. El Decreto 501\/2018 hab\u00eda reglamentado este mecanismo, determinando que la entonces AFIP \u2014hoy transformada en la Agencia de Recaudaci\u00f3n y Control Aduanero \u2014 fuera la encargada de&nbsp;<strong>aplicar los ajustes en enero, abril, julio y octubre de cada a\u00f1o.<\/strong><\/p>\n\n\n\n<p>En la pr\u00e1ctica, cada diferimiento significa que los montos impositivos fijados en pesos por litro no acompa\u00f1an de manera inmediata la inflaci\u00f3n acumulada. Por eso, cuando finalmente se aplican, el salto suele ser mayor. El Decreto 699\/2025 vuelve a posponer ese impacto, esta vez por un mes m\u00e1s, bajo el argumento de consolidar la recuperaci\u00f3n econ\u00f3mica en curso y dar previsibilidad a los sectores productivos y consumidores en general.<\/p>\n\n\n\n<p>El texto firmado por el Presidente y sus ministros destaca que el objetivo es \u201c<em>continuar estimulando el crecimiento de la econom\u00eda a trav\u00e9s de un sendero fiscal sostenible<\/em>\u201d. En otras palabras,&nbsp;<strong>el Gobierno reconoce que la actualizaci\u00f3n plena de los impuestos podr\u00eda tener un efecto inflacionario adicional<\/strong>, al impactar directamente en el precio de los combustibles, que a su vez inciden en transporte, log\u00edstica y bienes de consumo.<\/p>\n\n\n\n<p><strong>El esquema vigente contempla un diferencial en el impuesto sobre el gasoil para las provincias de la Patagonia, Neuqu\u00e9n, La Pampa y algunos departamentos de Buenos Aires y Mendoza<\/strong>, con el fin de morigerar el costo del combustible en zonas donde las distancias son m\u00e1s extensas y la movilidad resulta esencial para la actividad econ\u00f3mica. Esa condici\u00f3n se mantiene sin cambios en la nueva norma.<\/p>\n\n\n\n<p>La postergaci\u00f3n actual se suma a una larga serie de decisiones similares. Desde 2018, las actualizaciones trimestrales del ICL y el IDC fueron prorrogadas en varias oportunidades, tanto durante la gesti\u00f3n de&nbsp;<strong>Mauricio Macri<\/strong>&nbsp;como en la de&nbsp;<strong>Alberto Fern\u00e1ndez<\/strong>&nbsp;y ahora en la de&nbsp;<strong>Javier Milei<\/strong>. En todos los casos, la motivaci\u00f3n principal fue evitar subas bruscas en los precios en el surtidor.<\/p>\n","protected":false},"excerpt":{"rendered":"<p>La medida, formalizada a trav\u00e9s del Decreto 699\/2025, difiere hasta noviembre la aplicaci\u00f3n de los&#8230;<\/p>\n","protected":false},"author":2,"featured_media":0,"comment_status":"open","ping_status":"open","sticky":false,"template":"","format":"standard","meta":{"footnotes":""},"categories":[3],"tags":[],"class_list":["post-47530","post","type-post","status-publish","format-standard","hentry","category-nacionales"],"_links":{"self":[{"href":"https:\/\/masquenoticiastucuman.com.ar\/index.php?rest_route=\/wp\/v2\/posts\/47530","targetHints":{"allow":["GET"]}}],"collection":[{"href":"https:\/\/masquenoticiastucuman.com.ar\/index.php?rest_route=\/wp\/v2\/posts"}],"about":[{"href":"https:\/\/masquenoticiastucuman.com.ar\/index.php?rest_route=\/wp\/v2\/types\/post"}],"author":[{"embeddable":true,"href":"https:\/\/masquenoticiastucuman.com.ar\/index.php?rest_route=\/wp\/v2\/users\/2"}],"replies":[{"embeddable":true,"href":"https:\/\/masquenoticiastucuman.com.ar\/index.php?rest_route=%2Fwp%2Fv2%2Fcomments&post=47530"}],"version-history":[{"count":1,"href":"https:\/\/masquenoticiastucuman.com.ar\/index.php?rest_route=\/wp\/v2\/posts\/47530\/revisions"}],"predecessor-version":[{"id":47532,"href":"https:\/\/masquenoticiastucuman.com.ar\/index.php?rest_route=\/wp\/v2\/posts\/47530\/revisions\/47532"}],"wp:attachment":[{"href":"https:\/\/masquenoticiastucuman.com.ar\/index.php?rest_route=%2Fwp%2Fv2%2Fmedia&parent=47530"}],"wp:term":[{"taxonomy":"category","embeddable":true,"href":"https:\/\/masquenoticiastucuman.com.ar\/index.php?rest_route=%2Fwp%2Fv2%2Fcategories&post=47530"},{"taxonomy":"post_tag","embeddable":true,"href":"https:\/\/masquenoticiastucuman.com.ar\/index.php?rest_route=%2Fwp%2Fv2%2Ftags&post=47530"}],"curies":[{"name":"wp","href":"https:\/\/api.w.org\/{rel}","templated":true}]}}