{"id":47539,"date":"2025-10-01T11:01:03","date_gmt":"2025-10-01T14:01:03","guid":{"rendered":"http:\/\/masquenoticiastucuman.com.ar\/?p=47539"},"modified":"2025-10-01T11:01:03","modified_gmt":"2025-10-01T14:01:03","slug":"vandalizaron-un-mural-de-maradona-en-la-cancha-de-gimnasia-a-dos-semanas-del-clasico-con-estudiantes-el-video-del-vergonzoso-ataque","status":"publish","type":"post","link":"https:\/\/masquenoticiastucuman.com.ar\/?p=47539","title":{"rendered":"Vandalizaron un mural de Maradona en la cancha de Gimnasia, a dos semanas del cl\u00e1sico con Estudiantes: el video del vergonzoso ataque"},"content":{"rendered":"<ul>\n<li>Le arrojarron pintura roja a la imagen del \u00eddolo, parte de la historia tripera.<\/li>\n<li>Fue DT del Lobo en los meses previos a su muerte, de la que se cumplir\u00e1n cinco a\u00f1os.<\/li>\n<li>Una c\u00e1mara de seguridad se\u00f1al\u00f3 a cuatro personas como responsables.<\/li>\n<\/ul>","protected":false},"excerpt":{"rendered":"<p>Le arrojarron pintura roja a la imagen del \u00eddolo, parte de la historia tripera. Fue&#8230;<\/p>\n","protected":false},"author":1,"featured_media":0,"comment_status":"open","ping_status":"open","sticky":false,"template":"","format":"standard","meta":{"footnotes":""},"categories":[6],"tags":[],"class_list":["post-47539","post","type-post","status-publish","format-standard","hentry","category-deportes"],"_links":{"self":[{"href":"https:\/\/masquenoticiastucuman.com.ar\/index.php?rest_route=\/wp\/v2\/posts\/47539","targetHints":{"allow":["GET"]}}],"collection":[{"href":"https:\/\/masquenoticiastucuman.com.ar\/index.php?rest_route=\/wp\/v2\/posts"}],"about":[{"href":"https:\/\/masquenoticiastucuman.com.ar\/index.php?rest_route=\/wp\/v2\/types\/post"}],"author":[{"embeddable":true,"href":"https:\/\/masquenoticiastucuman.com.ar\/index.php?rest_route=\/wp\/v2\/users\/1"}],"replies":[{"embeddable":true,"href":"https:\/\/masquenoticiastucuman.com.ar\/index.php?rest_route=%2Fwp%2Fv2%2Fcomments&post=47539"}],"version-history":[{"count":0,"href":"https:\/\/masquenoticiastucuman.com.ar\/index.php?rest_route=\/wp\/v2\/posts\/47539\/revisions"}],"wp:attachment":[{"href":"https:\/\/masquenoticiastucuman.com.ar\/index.php?rest_route=%2Fwp%2Fv2%2Fmedia&parent=47539"}],"wp:term":[{"taxonomy":"category","embeddable":true,"href":"https:\/\/masquenoticiastucuman.com.ar\/index.php?rest_route=%2Fwp%2Fv2%2Fcategories&post=47539"},{"taxonomy":"post_tag","embeddable":true,"href":"https:\/\/masquenoticiastucuman.com.ar\/index.php?rest_route=%2Fwp%2Fv2%2Ftags&post=47539"}],"curies":[{"name":"wp","href":"https:\/\/api.w.org\/{rel}","templated":true}]}}